{"id":3516,"date":"2018-04-01T09:40:00","date_gmt":"2018-04-01T07:40:00","guid":{"rendered":"https:\/\/azelec.be\/azelec-amenage-dans-son-nouveau-siege-dexploitation-situe-en-peripherie-bruxelloise\/"},"modified":"2025-01-07T13:05:56","modified_gmt":"2025-01-07T12:05:56","slug":"azelec-is-moving-into-its-new-headquarters-on-the-outskirts-of-brussels","status":"publish","type":"post","link":"https:\/\/azelec.be\/en\/azelec-is-moving-into-its-new-headquarters-on-the-outskirts-of-brussels\/","title":{"rendered":"Az\u00e9lec is moving into its new headquarters on the outskirts of Brussels"},"content":{"rendered":"\n\t\t\t<div class=\"container alll-container\">\n\t\t\t\t<div class=\"alll-row row justify-content-center\">\n\t\t\t\t\t<div class=\"alll-rowInner alll-rowInner--general\">\n<h1 class=\"wp-block-heading\">Az\u00e9lec is moving into its <strong>new headquarters<\/strong> on the outskirts of Brussels<\/h1>\n<\/div><\/div><\/div>\n\t\t\t<div class=\"container alll-container\">\n\t\t\t\t<div class=\"alll-row row justify-content-center\">\n\t\t\t\t\t<div class=\"alll-rowInner alll-rowInner--general\">\n\n<\/div><\/div><\/div>\n\t\t\t<div class=\"container alll-container\">\n\t\t\t\t<div class=\"alll-row row justify-content-center\">\n\t\t\t\t\t<div class=\"alll-rowInner alll-rowInner--general\">\n<p>As part of its expansion drive, Az\u00e9lec is pleased to announce that we are moving into our new headquarters in a brand new business park on the outskirts of Brussels, just a stone&#8217;s throw from exit 7 of the Brussels Ring Road.<\/p>\n<\/div><\/div><\/div>\n\t\t\t<div class=\"container alll-container\">\n\t\t\t\t<div class=\"alll-row row justify-content-center\">\n\t\t\t\t\t<div class=\"alll-rowInner alll-rowInner--general\">\n\n<\/div><\/div><\/div>\n\t\t\t<div class=\"container alll-container\">\n\t\t\t\t<div class=\"alll-row row justify-content-center\">\n\t\t\t\t\t<div class=\"alll-rowInner alll-rowInner--general\">\n<p>This new low-energy building is an essential step in Az\u00e9lec&#8217;s continued expansion, and also underscores our sustainable development policy.<\/p>\n<\/div><\/div><\/div>\n\t\t\t<div class=\"container alll-container\">\n\t\t\t\t<div class=\"alll-row row justify-content-center\">\n\t\t\t\t\t<div class=\"alll-rowInner alll-rowInner--general\">\n\n<\/div><\/div><\/div>\n\t\t\t<div class=\"container alll-container\">\n\t\t\t\t<div class=\"alll-row row justify-content-center\">\n\t\t\t\t\t<div class=\"alll-rowInner alll-rowInner--general\">\n<figure class=\"wp-block-image size-large is-resized\"><img decoding=\"async\" width=\"1024\" height=\"768\" src=\"https:\/\/azelec.be\/wp-content\/uploads\/2024\/10\/IMG_4044-1024x768.jpeg\" alt=\"\" class=\"wp-image-2375\" style=\"width:316px;height:auto\" srcset=\"https:\/\/azelec.be\/wp-content\/uploads\/2024\/10\/IMG_4044-1024x768.jpeg 1024w, https:\/\/azelec.be\/wp-content\/uploads\/2024\/10\/IMG_4044-300x225.jpeg 300w, https:\/\/azelec.be\/wp-content\/uploads\/2024\/10\/IMG_4044-768x576.jpeg 768w, https:\/\/azelec.be\/wp-content\/uploads\/2024\/10\/IMG_4044-1536x1152.jpeg 1536w, https:\/\/azelec.be\/wp-content\/uploads\/2024\/10\/IMG_4044-2048x1536.jpeg 2048w, https:\/\/azelec.be\/wp-content\/uploads\/2024\/10\/IMG_4044-780x585.jpeg 780w\" sizes=\"(max-width: 1024px) 100vw, 1024px\" \/><\/figure>\n<\/div><\/div><\/div>","protected":false},"excerpt":{"rendered":"<p>Az\u00e9lec is moving into its new headquarters on the outskirts of Brussels As part of its expansion drive, Az\u00e9lec is pleased to announce that we are moving into our new headquarters in a brand new business park on the outskirts of Brussels, just a stone&#8217;s throw from exit 7 of the Brussels Ring Road. This&hellip;&nbsp;<a href=\"https:\/\/azelec.be\/en\/azelec-is-moving-into-its-new-headquarters-on-the-outskirts-of-brussels\/\" rel=\"bookmark\">Read More &raquo;<span class=\"screen-reader-text\">Az\u00e9lec is moving into its new headquarters on the outskirts of Brussels<\/span><\/a><\/p>\n","protected":false},"author":2,"featured_media":3370,"comment_status":"closed","ping_status":"closed","sticky":false,"template":"","format":"standard","meta":{"_acf_changed":false,"neve_meta_sidebar":"","neve_meta_container":"","neve_meta_enable_content_width":"","neve_meta_content_width":0,"neve_meta_title_alignment":"","neve_meta_author_avatar":"","neve_post_elements_order":"","neve_meta_disable_header":"","neve_meta_disable_footer":"","neve_meta_disable_title":"","neve_meta_reading_time":"","footnotes":""},"categories":[20,1],"tags":[],"class_list":["post-3516","post","type-post","status-publish","format-standard","has-post-thumbnail","hentry","category-actualites-en","category-news"],"acf":[],"yoast_head":"<!-- This site is optimized with the Yoast SEO plugin v27.4 - https:\/\/yoast.com\/product\/yoast-seo-wordpress\/ -->\n<title>Az\u00e9lec\u00a0moves into its new headquarters on the outskirts of Brussels<\/title>\n<meta name=\"description\" content=\"Az\u00e9lec is moving into its new low-energy headquarters on the outskirts of Brussels, affirming its commitment to sustainable development.\" \/>\n<meta name=\"robots\" content=\"index, follow, max-snippet:-1, max-image-preview:large, max-video-preview:-1\" \/>\n<link rel=\"canonical\" href=\"https:\/\/azelec.be\/en\/azelec-is-moving-into-its-new-headquarters-on-the-outskirts-of-brussels\/\" \/>\n<meta property=\"og:locale\" content=\"en_US\" \/>\n<meta property=\"og:type\" content=\"article\" \/>\n<meta property=\"og:title\" content=\"Az\u00e9lec\u00a0moves into its new headquarters on the outskirts of Brussels\" \/>\n<meta property=\"og:description\" content=\"Az\u00e9lec is moving into its new low-energy headquarters on the outskirts of Brussels, affirming its commitment to sustainable development.\" \/>\n<meta property=\"og:url\" content=\"https:\/\/azelec.be\/en\/azelec-is-moving-into-its-new-headquarters-on-the-outskirts-of-brussels\/\" \/>\n<meta property=\"og:site_name\" content=\"Az\u00e9lec\" \/>\n<meta property=\"article:publisher\" content=\"https:\/\/facebook.com\/pages\/Azlec\/464300780395849\" \/>\n<meta property=\"article:published_time\" content=\"2018-04-01T07:40:00+00:00\" \/>\n<meta property=\"article:modified_time\" content=\"2025-01-07T12:05:56+00:00\" \/>\n<meta property=\"og:image\" content=\"https:\/\/azelec.be\/wp-content\/uploads\/2024\/10\/IMG_1567-scaled.jpg\" \/>\n\t<meta property=\"og:image:width\" content=\"2560\" \/>\n\t<meta property=\"og:image:height\" content=\"1707\" \/>\n\t<meta property=\"og:image:type\" content=\"image\/jpeg\" \/>\n<meta name=\"author\" content=\"Tanguy Fr\u00e9d\u00e9ric\" \/>\n<meta name=\"twitter:card\" content=\"summary_large_image\" \/>\n<meta name=\"twitter:label1\" content=\"Written by\" \/>\n\t<meta name=\"twitter:data1\" content=\"Tanguy Fr\u00e9d\u00e9ric\" \/>\n\t<meta name=\"twitter:label2\" content=\"Est. reading time\" \/>\n\t<meta name=\"twitter:data2\" content=\"1 minute\" \/>\n<script type=\"application\/ld+json\" class=\"yoast-schema-graph\">{\"@context\":\"https:\\\/\\\/schema.org\",\"@graph\":[{\"@type\":\"Article\",\"@id\":\"https:\\\/\\\/azelec.be\\\/en\\\/azelec-is-moving-into-its-new-headquarters-on-the-outskirts-of-brussels\\\/#article\",\"isPartOf\":{\"@id\":\"https:\\\/\\\/azelec.be\\\/en\\\/azelec-is-moving-into-its-new-headquarters-on-the-outskirts-of-brussels\\\/\"},\"author\":{\"name\":\"Tanguy Fr\u00e9d\u00e9ric\",\"@id\":\"https:\\\/\\\/azelec.be\\\/en\\\/#\\\/schema\\\/person\\\/2fda01ea728448fe716bd020155a1535\"},\"headline\":\"Az\u00e9lec is moving into its new headquarters on the outskirts of Brussels\",\"datePublished\":\"2018-04-01T07:40:00+00:00\",\"dateModified\":\"2025-01-07T12:05:56+00:00\",\"mainEntityOfPage\":{\"@id\":\"https:\\\/\\\/azelec.be\\\/en\\\/azelec-is-moving-into-its-new-headquarters-on-the-outskirts-of-brussels\\\/\"},\"wordCount\":90,\"publisher\":{\"@id\":\"https:\\\/\\\/azelec.be\\\/en\\\/#organization\"},\"image\":{\"@id\":\"https:\\\/\\\/azelec.be\\\/en\\\/azelec-is-moving-into-its-new-headquarters-on-the-outskirts-of-brussels\\\/#primaryimage\"},\"thumbnailUrl\":\"https:\\\/\\\/azelec.be\\\/wp-content\\\/uploads\\\/2024\\\/10\\\/IMG_1567-scaled.jpg\",\"articleSection\":[\"Actualit\u00e9s\",\"News\"],\"inLanguage\":\"en-US\"},{\"@type\":\"WebPage\",\"@id\":\"https:\\\/\\\/azelec.be\\\/en\\\/azelec-is-moving-into-its-new-headquarters-on-the-outskirts-of-brussels\\\/\",\"url\":\"https:\\\/\\\/azelec.be\\\/en\\\/azelec-is-moving-into-its-new-headquarters-on-the-outskirts-of-brussels\\\/\",\"name\":\"Az\u00e9lec\u00a0moves into its new headquarters on the outskirts of Brussels\",\"isPartOf\":{\"@id\":\"https:\\\/\\\/azelec.be\\\/en\\\/#website\"},\"primaryImageOfPage\":{\"@id\":\"https:\\\/\\\/azelec.be\\\/en\\\/azelec-is-moving-into-its-new-headquarters-on-the-outskirts-of-brussels\\\/#primaryimage\"},\"image\":{\"@id\":\"https:\\\/\\\/azelec.be\\\/en\\\/azelec-is-moving-into-its-new-headquarters-on-the-outskirts-of-brussels\\\/#primaryimage\"},\"thumbnailUrl\":\"https:\\\/\\\/azelec.be\\\/wp-content\\\/uploads\\\/2024\\\/10\\\/IMG_1567-scaled.jpg\",\"datePublished\":\"2018-04-01T07:40:00+00:00\",\"dateModified\":\"2025-01-07T12:05:56+00:00\",\"description\":\"Az\u00e9lec is moving into its new low-energy headquarters on the outskirts of Brussels, affirming its commitment to sustainable development.\",\"breadcrumb\":{\"@id\":\"https:\\\/\\\/azelec.be\\\/en\\\/azelec-is-moving-into-its-new-headquarters-on-the-outskirts-of-brussels\\\/#breadcrumb\"},\"inLanguage\":\"en-US\",\"potentialAction\":[{\"@type\":\"ReadAction\",\"target\":[\"https:\\\/\\\/azelec.be\\\/en\\\/azelec-is-moving-into-its-new-headquarters-on-the-outskirts-of-brussels\\\/\"]}]},{\"@type\":\"ImageObject\",\"inLanguage\":\"en-US\",\"@id\":\"https:\\\/\\\/azelec.be\\\/en\\\/azelec-is-moving-into-its-new-headquarters-on-the-outskirts-of-brussels\\\/#primaryimage\",\"url\":\"https:\\\/\\\/azelec.be\\\/wp-content\\\/uploads\\\/2024\\\/10\\\/IMG_1567-scaled.jpg\",\"contentUrl\":\"https:\\\/\\\/azelec.be\\\/wp-content\\\/uploads\\\/2024\\\/10\\\/IMG_1567-scaled.jpg\",\"width\":2560,\"height\":1707},{\"@type\":\"BreadcrumbList\",\"@id\":\"https:\\\/\\\/azelec.be\\\/en\\\/azelec-is-moving-into-its-new-headquarters-on-the-outskirts-of-brussels\\\/#breadcrumb\",\"itemListElement\":[{\"@type\":\"ListItem\",\"position\":1,\"name\":\"Home\",\"item\":\"https:\\\/\\\/azelec.be\\\/en\\\/\"},{\"@type\":\"ListItem\",\"position\":2,\"name\":\"Az\u00e9lec is moving into its new headquarters on the outskirts of Brussels\"}]},{\"@type\":\"WebSite\",\"@id\":\"https:\\\/\\\/azelec.be\\\/en\\\/#website\",\"url\":\"https:\\\/\\\/azelec.be\\\/en\\\/\",\"name\":\"Az\u00e9lec\",\"description\":\"Entreprise g\u00e9n\u00e9rale d&#039;\u00e9lectricit\u00e9 dans le secteur de la construction pour les particuliers et professionnels.\",\"publisher\":{\"@id\":\"https:\\\/\\\/azelec.be\\\/en\\\/#organization\"},\"potentialAction\":[{\"@type\":\"SearchAction\",\"target\":{\"@type\":\"EntryPoint\",\"urlTemplate\":\"https:\\\/\\\/azelec.be\\\/en\\\/?s={search_term_string}\"},\"query-input\":{\"@type\":\"PropertyValueSpecification\",\"valueRequired\":true,\"valueName\":\"search_term_string\"}}],\"inLanguage\":\"en-US\"},{\"@type\":\"Organization\",\"@id\":\"https:\\\/\\\/azelec.be\\\/en\\\/#organization\",\"name\":\"Az\u00e9lec\",\"url\":\"https:\\\/\\\/azelec.be\\\/en\\\/\",\"logo\":{\"@type\":\"ImageObject\",\"inLanguage\":\"en-US\",\"@id\":\"https:\\\/\\\/azelec.be\\\/en\\\/#\\\/schema\\\/logo\\\/image\\\/\",\"url\":\"https:\\\/\\\/azelec.be\\\/wp-content\\\/uploads\\\/2024\\\/07\\\/logo.svg\",\"contentUrl\":\"https:\\\/\\\/azelec.be\\\/wp-content\\\/uploads\\\/2024\\\/07\\\/logo.svg\",\"width\":493,\"height\":86,\"caption\":\"Az\u00e9lec\"},\"image\":{\"@id\":\"https:\\\/\\\/azelec.be\\\/en\\\/#\\\/schema\\\/logo\\\/image\\\/\"},\"sameAs\":[\"https:\\\/\\\/facebook.com\\\/pages\\\/Azlec\\\/464300780395849\",\"https:\\\/\\\/www.instagram.com\\\/azelec.be\\\/\",\"https:\\\/\\\/www.linkedin.com\\\/company\\\/3338450\",\"https:\\\/\\\/www.youtube.com\\\/channel\\\/UCElmKgi5qzaPSqJ_u3IfvHw\"]},{\"@type\":\"Person\",\"@id\":\"https:\\\/\\\/azelec.be\\\/en\\\/#\\\/schema\\\/person\\\/2fda01ea728448fe716bd020155a1535\",\"name\":\"Tanguy Fr\u00e9d\u00e9ric\"}]}<\/script>\n<!-- \/ Yoast SEO plugin. -->","yoast_head_json":{"title":"Az\u00e9lec\u00a0moves into its new headquarters on the outskirts of Brussels","description":"Az\u00e9lec is moving into its new low-energy headquarters on the outskirts of Brussels, affirming its commitment to sustainable development.","robots":{"index":"index","follow":"follow","max-snippet":"max-snippet:-1","max-image-preview":"max-image-preview:large","max-video-preview":"max-video-preview:-1"},"canonical":"https:\/\/azelec.be\/en\/azelec-is-moving-into-its-new-headquarters-on-the-outskirts-of-brussels\/","og_locale":"en_US","og_type":"article","og_title":"Az\u00e9lec\u00a0moves into its new headquarters on the outskirts of Brussels","og_description":"Az\u00e9lec is moving into its new low-energy headquarters on the outskirts of Brussels, affirming its commitment to sustainable development.","og_url":"https:\/\/azelec.be\/en\/azelec-is-moving-into-its-new-headquarters-on-the-outskirts-of-brussels\/","og_site_name":"Az\u00e9lec","article_publisher":"https:\/\/facebook.com\/pages\/Azlec\/464300780395849","article_published_time":"2018-04-01T07:40:00+00:00","article_modified_time":"2025-01-07T12:05:56+00:00","og_image":[{"width":2560,"height":1707,"url":"https:\/\/azelec.be\/wp-content\/uploads\/2024\/10\/IMG_1567-scaled.jpg","type":"image\/jpeg"}],"author":"Tanguy Fr\u00e9d\u00e9ric","twitter_card":"summary_large_image","twitter_misc":{"Written by":"Tanguy Fr\u00e9d\u00e9ric","Est. reading time":"1 minute"},"schema":{"@context":"https:\/\/schema.org","@graph":[{"@type":"Article","@id":"https:\/\/azelec.be\/en\/azelec-is-moving-into-its-new-headquarters-on-the-outskirts-of-brussels\/#article","isPartOf":{"@id":"https:\/\/azelec.be\/en\/azelec-is-moving-into-its-new-headquarters-on-the-outskirts-of-brussels\/"},"author":{"name":"Tanguy Fr\u00e9d\u00e9ric","@id":"https:\/\/azelec.be\/en\/#\/schema\/person\/2fda01ea728448fe716bd020155a1535"},"headline":"Az\u00e9lec is moving into its new headquarters on the outskirts of Brussels","datePublished":"2018-04-01T07:40:00+00:00","dateModified":"2025-01-07T12:05:56+00:00","mainEntityOfPage":{"@id":"https:\/\/azelec.be\/en\/azelec-is-moving-into-its-new-headquarters-on-the-outskirts-of-brussels\/"},"wordCount":90,"publisher":{"@id":"https:\/\/azelec.be\/en\/#organization"},"image":{"@id":"https:\/\/azelec.be\/en\/azelec-is-moving-into-its-new-headquarters-on-the-outskirts-of-brussels\/#primaryimage"},"thumbnailUrl":"https:\/\/azelec.be\/wp-content\/uploads\/2024\/10\/IMG_1567-scaled.jpg","articleSection":["Actualit\u00e9s","News"],"inLanguage":"en-US"},{"@type":"WebPage","@id":"https:\/\/azelec.be\/en\/azelec-is-moving-into-its-new-headquarters-on-the-outskirts-of-brussels\/","url":"https:\/\/azelec.be\/en\/azelec-is-moving-into-its-new-headquarters-on-the-outskirts-of-brussels\/","name":"Az\u00e9lec\u00a0moves into its new headquarters on the outskirts of Brussels","isPartOf":{"@id":"https:\/\/azelec.be\/en\/#website"},"primaryImageOfPage":{"@id":"https:\/\/azelec.be\/en\/azelec-is-moving-into-its-new-headquarters-on-the-outskirts-of-brussels\/#primaryimage"},"image":{"@id":"https:\/\/azelec.be\/en\/azelec-is-moving-into-its-new-headquarters-on-the-outskirts-of-brussels\/#primaryimage"},"thumbnailUrl":"https:\/\/azelec.be\/wp-content\/uploads\/2024\/10\/IMG_1567-scaled.jpg","datePublished":"2018-04-01T07:40:00+00:00","dateModified":"2025-01-07T12:05:56+00:00","description":"Az\u00e9lec is moving into its new low-energy headquarters on the outskirts of Brussels, affirming its commitment to sustainable development.","breadcrumb":{"@id":"https:\/\/azelec.be\/en\/azelec-is-moving-into-its-new-headquarters-on-the-outskirts-of-brussels\/#breadcrumb"},"inLanguage":"en-US","potentialAction":[{"@type":"ReadAction","target":["https:\/\/azelec.be\/en\/azelec-is-moving-into-its-new-headquarters-on-the-outskirts-of-brussels\/"]}]},{"@type":"ImageObject","inLanguage":"en-US","@id":"https:\/\/azelec.be\/en\/azelec-is-moving-into-its-new-headquarters-on-the-outskirts-of-brussels\/#primaryimage","url":"https:\/\/azelec.be\/wp-content\/uploads\/2024\/10\/IMG_1567-scaled.jpg","contentUrl":"https:\/\/azelec.be\/wp-content\/uploads\/2024\/10\/IMG_1567-scaled.jpg","width":2560,"height":1707},{"@type":"BreadcrumbList","@id":"https:\/\/azelec.be\/en\/azelec-is-moving-into-its-new-headquarters-on-the-outskirts-of-brussels\/#breadcrumb","itemListElement":[{"@type":"ListItem","position":1,"name":"Home","item":"https:\/\/azelec.be\/en\/"},{"@type":"ListItem","position":2,"name":"Az\u00e9lec is moving into its new headquarters on the outskirts of Brussels"}]},{"@type":"WebSite","@id":"https:\/\/azelec.be\/en\/#website","url":"https:\/\/azelec.be\/en\/","name":"Az\u00e9lec","description":"Entreprise g\u00e9n\u00e9rale d&#039;\u00e9lectricit\u00e9 dans le secteur de la construction pour les particuliers et professionnels.","publisher":{"@id":"https:\/\/azelec.be\/en\/#organization"},"potentialAction":[{"@type":"SearchAction","target":{"@type":"EntryPoint","urlTemplate":"https:\/\/azelec.be\/en\/?s={search_term_string}"},"query-input":{"@type":"PropertyValueSpecification","valueRequired":true,"valueName":"search_term_string"}}],"inLanguage":"en-US"},{"@type":"Organization","@id":"https:\/\/azelec.be\/en\/#organization","name":"Az\u00e9lec","url":"https:\/\/azelec.be\/en\/","logo":{"@type":"ImageObject","inLanguage":"en-US","@id":"https:\/\/azelec.be\/en\/#\/schema\/logo\/image\/","url":"https:\/\/azelec.be\/wp-content\/uploads\/2024\/07\/logo.svg","contentUrl":"https:\/\/azelec.be\/wp-content\/uploads\/2024\/07\/logo.svg","width":493,"height":86,"caption":"Az\u00e9lec"},"image":{"@id":"https:\/\/azelec.be\/en\/#\/schema\/logo\/image\/"},"sameAs":["https:\/\/facebook.com\/pages\/Azlec\/464300780395849","https:\/\/www.instagram.com\/azelec.be\/","https:\/\/www.linkedin.com\/company\/3338450","https:\/\/www.youtube.com\/channel\/UCElmKgi5qzaPSqJ_u3IfvHw"]},{"@type":"Person","@id":"https:\/\/azelec.be\/en\/#\/schema\/person\/2fda01ea728448fe716bd020155a1535","name":"Tanguy Fr\u00e9d\u00e9ric"}]}},"_links":{"self":[{"href":"https:\/\/azelec.be\/en\/wp-json\/wp\/v2\/posts\/3516","targetHints":{"allow":["GET"]}}],"collection":[{"href":"https:\/\/azelec.be\/en\/wp-json\/wp\/v2\/posts"}],"about":[{"href":"https:\/\/azelec.be\/en\/wp-json\/wp\/v2\/types\/post"}],"author":[{"embeddable":true,"href":"https:\/\/azelec.be\/en\/wp-json\/wp\/v2\/users\/2"}],"replies":[{"embeddable":true,"href":"https:\/\/azelec.be\/en\/wp-json\/wp\/v2\/comments?post=3516"}],"version-history":[{"count":0,"href":"https:\/\/azelec.be\/en\/wp-json\/wp\/v2\/posts\/3516\/revisions"}],"wp:featuredmedia":[{"embeddable":true,"href":"https:\/\/azelec.be\/en\/wp-json\/wp\/v2\/media\/3370"}],"wp:attachment":[{"href":"https:\/\/azelec.be\/en\/wp-json\/wp\/v2\/media?parent=3516"}],"wp:term":[{"taxonomy":"category","embeddable":true,"href":"https:\/\/azelec.be\/en\/wp-json\/wp\/v2\/categories?post=3516"},{"taxonomy":"post_tag","embeddable":true,"href":"https:\/\/azelec.be\/en\/wp-json\/wp\/v2\/tags?post=3516"}],"curies":[{"name":"wp","href":"https:\/\/api.w.org\/{rel}","templated":true}]}}