{"id":3518,"date":"2016-07-07T08:30:00","date_gmt":"2016-07-07T06:30:00","guid":{"rendered":"https:\/\/azelec.be\/voici-la-nouvelle-identite-visuelle-de-azelec\/"},"modified":"2025-01-07T13:09:14","modified_gmt":"2025-01-07T12:09:14","slug":"the-new-visual-identity-of-azelec","status":"publish","type":"post","link":"https:\/\/azelec.be\/en\/the-new-visual-identity-of-azelec\/","title":{"rendered":"Az\u00e9lec\u2019s new visual identity\u00a0"},"content":{"rendered":"\n\t\t\t<div class=\"container alll-container\">\n\t\t\t\t<div class=\"alll-row row justify-content-center\">\n\t\t\t\t\t<div class=\"alll-rowInner alll-rowInner--general\">\n<h1 class=\"wp-block-heading\"><strong>Az\u00e9lec<\/strong>\u2019s new visual identity<\/h1>\n<\/div><\/div><\/div>\n\t\t\t<div class=\"container alll-container\">\n\t\t\t\t<div class=\"alll-row row justify-content-center\">\n\t\t\t\t\t<div class=\"alll-rowInner alll-rowInner--general\">\n\n<\/div><\/div><\/div>\n\t\t\t<div class=\"container alll-container\">\n\t\t\t\t<div class=\"alll-row row justify-content-center\">\n\t\t\t\t\t<div class=\"alll-rowInner alll-rowInner--general\">\n<p>This is just one element of our new visual identity as our rebranding operation also involves the entire graphic charter of all of our commercial documents.<\/p>\n<\/div><\/div><\/div>\n\t\t\t<div class=\"container alll-container\">\n\t\t\t\t<div class=\"alll-row row justify-content-center\">\n\t\t\t\t\t<div class=\"alll-rowInner alll-rowInner--general\">\n\n<\/div><\/div><\/div>\n\t\t\t<div class=\"container alll-container\">\n\t\t\t\t<div class=\"alll-row row justify-content-center\">\n\t\t\t\t\t<div class=\"alll-rowInner alll-rowInner--general\">\n<p>The entire Az\u00e9lec team is delighted to present our new vehicle livery. More dynamic and trendy than the old logo, whilst highlighting our desire to be even closer to our customers.<\/p>\n<\/div><\/div><\/div>\n\t\t\t<div class=\"container alll-container\">\n\t\t\t\t<div class=\"alll-row row justify-content-center\">\n\t\t\t\t\t<div class=\"alll-rowInner alll-rowInner--general\">\n\n<\/div><\/div><\/div>\n\t\t\t<div class=\"container alll-container\">\n\t\t\t\t<div class=\"alll-row row justify-content-center\">\n\t\t\t\t\t<div class=\"alll-rowInner alll-rowInner--general\">\n<p>This is just one part of our new visual identity, as our rebranding operation also involves the entire graphic charter of all of our commercial documents.<\/p>\n<\/div><\/div><\/div>\n\t\t\t<div class=\"container alll-container\">\n\t\t\t\t<div class=\"alll-row row justify-content-center\">\n\t\t\t\t\t<div class=\"alll-rowInner alll-rowInner--general\">\n\n<\/div><\/div><\/div>\n\t\t\t<div class=\"container alll-container\">\n\t\t\t\t<div class=\"alll-row row justify-content-center\">\n\t\t\t\t\t<div class=\"alll-rowInner alll-rowInner--general\">\n<p>Our desire to revamp Az\u00e9lec\u2019s image arises from the update of our logo. This is an indispensable stage of our business development strategy, which aims to raise our visibility and presence on the market of electrical installations and seeks to display a strong and trustworthy image.<\/p>\n<\/div><\/div><\/div>","protected":false},"excerpt":{"rendered":"<p>Az\u00e9lec\u2019s new visual identity This is just one element of our new visual identity as our rebranding operation also involves the entire graphic charter of all of our commercial documents. The entire Az\u00e9lec team is delighted to present our new vehicle livery. More dynamic and trendy than the old logo, whilst highlighting our desire to&hellip;&nbsp;<a href=\"https:\/\/azelec.be\/en\/the-new-visual-identity-of-azelec\/\" rel=\"bookmark\">Read More &raquo;<span class=\"screen-reader-text\">Az\u00e9lec\u2019s new visual identity\u00a0<\/span><\/a><\/p>\n","protected":false},"author":2,"featured_media":3376,"comment_status":"closed","ping_status":"closed","sticky":false,"template":"","format":"standard","meta":{"_acf_changed":false,"neve_meta_sidebar":"","neve_meta_container":"","neve_meta_enable_content_width":"","neve_meta_content_width":0,"neve_meta_title_alignment":"","neve_meta_author_avatar":"","neve_post_elements_order":"","neve_meta_disable_header":"","neve_meta_disable_footer":"","neve_meta_disable_title":"","neve_meta_reading_time":"","footnotes":""},"categories":[20,1],"tags":[],"class_list":["post-3518","post","type-post","status-publish","format-standard","has-post-thumbnail","hentry","category-actualites-en","category-news"],"acf":[],"yoast_head":"<!-- This site is optimized with the Yoast SEO plugin v27.4 - https:\/\/yoast.com\/product\/yoast-seo-wordpress\/ -->\n<title>New visual identity of Az\u00e9lec, electricity specialist in Brussels<\/title>\n<meta name=\"description\" content=\"Az\u00e9lec unveils its new visual identity, showcasing a modern look that reflects its commitment to quality and customer proximity.\" \/>\n<meta name=\"robots\" content=\"index, follow, max-snippet:-1, max-image-preview:large, max-video-preview:-1\" \/>\n<link rel=\"canonical\" href=\"https:\/\/azelec.be\/en\/the-new-visual-identity-of-azelec\/\" \/>\n<meta property=\"og:locale\" content=\"en_US\" \/>\n<meta property=\"og:type\" content=\"article\" \/>\n<meta property=\"og:title\" content=\"New visual identity of Az\u00e9lec, electricity specialist in Brussels\" \/>\n<meta property=\"og:description\" content=\"Az\u00e9lec unveils its new visual identity, showcasing a modern look that reflects its commitment to quality and customer proximity.\" \/>\n<meta property=\"og:url\" content=\"https:\/\/azelec.be\/en\/the-new-visual-identity-of-azelec\/\" \/>\n<meta property=\"og:site_name\" content=\"Az\u00e9lec\" \/>\n<meta property=\"article:publisher\" content=\"https:\/\/facebook.com\/pages\/Azlec\/464300780395849\" \/>\n<meta property=\"article:published_time\" content=\"2016-07-07T06:30:00+00:00\" \/>\n<meta property=\"article:modified_time\" content=\"2025-01-07T12:09:14+00:00\" \/>\n<meta property=\"og:image\" content=\"https:\/\/azelec.be\/wp-content\/uploads\/2024\/10\/Vue-laterale-avant.png\" \/>\n\t<meta property=\"og:image:width\" content=\"2500\" \/>\n\t<meta property=\"og:image:height\" content=\"1667\" \/>\n\t<meta property=\"og:image:type\" content=\"image\/png\" \/>\n<meta name=\"author\" content=\"Tanguy Fr\u00e9d\u00e9ric\" \/>\n<meta name=\"twitter:card\" content=\"summary_large_image\" \/>\n<meta name=\"twitter:label1\" content=\"Written by\" \/>\n\t<meta name=\"twitter:data1\" content=\"Tanguy Fr\u00e9d\u00e9ric\" \/>\n\t<meta name=\"twitter:label2\" content=\"Est. reading time\" \/>\n\t<meta name=\"twitter:data2\" content=\"1 minute\" \/>\n<script type=\"application\/ld+json\" class=\"yoast-schema-graph\">{\"@context\":\"https:\\\/\\\/schema.org\",\"@graph\":[{\"@type\":\"Article\",\"@id\":\"https:\\\/\\\/azelec.be\\\/en\\\/the-new-visual-identity-of-azelec\\\/#article\",\"isPartOf\":{\"@id\":\"https:\\\/\\\/azelec.be\\\/en\\\/the-new-visual-identity-of-azelec\\\/\"},\"author\":{\"name\":\"Tanguy Fr\u00e9d\u00e9ric\",\"@id\":\"https:\\\/\\\/azelec.be\\\/en\\\/#\\\/schema\\\/person\\\/2fda01ea728448fe716bd020155a1535\"},\"headline\":\"Az\u00e9lec\u2019s new visual identity\u00a0\",\"datePublished\":\"2016-07-07T06:30:00+00:00\",\"dateModified\":\"2025-01-07T12:09:14+00:00\",\"mainEntityOfPage\":{\"@id\":\"https:\\\/\\\/azelec.be\\\/en\\\/the-new-visual-identity-of-azelec\\\/\"},\"wordCount\":144,\"publisher\":{\"@id\":\"https:\\\/\\\/azelec.be\\\/en\\\/#organization\"},\"image\":{\"@id\":\"https:\\\/\\\/azelec.be\\\/en\\\/the-new-visual-identity-of-azelec\\\/#primaryimage\"},\"thumbnailUrl\":\"https:\\\/\\\/azelec.be\\\/wp-content\\\/uploads\\\/2024\\\/10\\\/Vue-laterale-avant.png\",\"articleSection\":[\"Actualit\u00e9s\",\"News\"],\"inLanguage\":\"en-US\"},{\"@type\":\"WebPage\",\"@id\":\"https:\\\/\\\/azelec.be\\\/en\\\/the-new-visual-identity-of-azelec\\\/\",\"url\":\"https:\\\/\\\/azelec.be\\\/en\\\/the-new-visual-identity-of-azelec\\\/\",\"name\":\"New visual identity of Az\u00e9lec, electricity specialist in Brussels\",\"isPartOf\":{\"@id\":\"https:\\\/\\\/azelec.be\\\/en\\\/#website\"},\"primaryImageOfPage\":{\"@id\":\"https:\\\/\\\/azelec.be\\\/en\\\/the-new-visual-identity-of-azelec\\\/#primaryimage\"},\"image\":{\"@id\":\"https:\\\/\\\/azelec.be\\\/en\\\/the-new-visual-identity-of-azelec\\\/#primaryimage\"},\"thumbnailUrl\":\"https:\\\/\\\/azelec.be\\\/wp-content\\\/uploads\\\/2024\\\/10\\\/Vue-laterale-avant.png\",\"datePublished\":\"2016-07-07T06:30:00+00:00\",\"dateModified\":\"2025-01-07T12:09:14+00:00\",\"description\":\"Az\u00e9lec unveils its new visual identity, showcasing a modern look that reflects its commitment to quality and customer proximity.\",\"breadcrumb\":{\"@id\":\"https:\\\/\\\/azelec.be\\\/en\\\/the-new-visual-identity-of-azelec\\\/#breadcrumb\"},\"inLanguage\":\"en-US\",\"potentialAction\":[{\"@type\":\"ReadAction\",\"target\":[\"https:\\\/\\\/azelec.be\\\/en\\\/the-new-visual-identity-of-azelec\\\/\"]}]},{\"@type\":\"ImageObject\",\"inLanguage\":\"en-US\",\"@id\":\"https:\\\/\\\/azelec.be\\\/en\\\/the-new-visual-identity-of-azelec\\\/#primaryimage\",\"url\":\"https:\\\/\\\/azelec.be\\\/wp-content\\\/uploads\\\/2024\\\/10\\\/Vue-laterale-avant.png\",\"contentUrl\":\"https:\\\/\\\/azelec.be\\\/wp-content\\\/uploads\\\/2024\\\/10\\\/Vue-laterale-avant.png\",\"width\":2500,\"height\":1667},{\"@type\":\"BreadcrumbList\",\"@id\":\"https:\\\/\\\/azelec.be\\\/en\\\/the-new-visual-identity-of-azelec\\\/#breadcrumb\",\"itemListElement\":[{\"@type\":\"ListItem\",\"position\":1,\"name\":\"Home\",\"item\":\"https:\\\/\\\/azelec.be\\\/en\\\/\"},{\"@type\":\"ListItem\",\"position\":2,\"name\":\"Az\u00e9lec\u2019s new visual identity\u00a0\"}]},{\"@type\":\"WebSite\",\"@id\":\"https:\\\/\\\/azelec.be\\\/en\\\/#website\",\"url\":\"https:\\\/\\\/azelec.be\\\/en\\\/\",\"name\":\"Az\u00e9lec\",\"description\":\"Entreprise g\u00e9n\u00e9rale d&#039;\u00e9lectricit\u00e9 dans le secteur de la construction pour les particuliers et professionnels.\",\"publisher\":{\"@id\":\"https:\\\/\\\/azelec.be\\\/en\\\/#organization\"},\"potentialAction\":[{\"@type\":\"SearchAction\",\"target\":{\"@type\":\"EntryPoint\",\"urlTemplate\":\"https:\\\/\\\/azelec.be\\\/en\\\/?s={search_term_string}\"},\"query-input\":{\"@type\":\"PropertyValueSpecification\",\"valueRequired\":true,\"valueName\":\"search_term_string\"}}],\"inLanguage\":\"en-US\"},{\"@type\":\"Organization\",\"@id\":\"https:\\\/\\\/azelec.be\\\/en\\\/#organization\",\"name\":\"Az\u00e9lec\",\"url\":\"https:\\\/\\\/azelec.be\\\/en\\\/\",\"logo\":{\"@type\":\"ImageObject\",\"inLanguage\":\"en-US\",\"@id\":\"https:\\\/\\\/azelec.be\\\/en\\\/#\\\/schema\\\/logo\\\/image\\\/\",\"url\":\"https:\\\/\\\/azelec.be\\\/wp-content\\\/uploads\\\/2024\\\/07\\\/logo.svg\",\"contentUrl\":\"https:\\\/\\\/azelec.be\\\/wp-content\\\/uploads\\\/2024\\\/07\\\/logo.svg\",\"width\":493,\"height\":86,\"caption\":\"Az\u00e9lec\"},\"image\":{\"@id\":\"https:\\\/\\\/azelec.be\\\/en\\\/#\\\/schema\\\/logo\\\/image\\\/\"},\"sameAs\":[\"https:\\\/\\\/facebook.com\\\/pages\\\/Azlec\\\/464300780395849\",\"https:\\\/\\\/www.instagram.com\\\/azelec.be\\\/\",\"https:\\\/\\\/www.linkedin.com\\\/company\\\/3338450\",\"https:\\\/\\\/www.youtube.com\\\/channel\\\/UCElmKgi5qzaPSqJ_u3IfvHw\"]},{\"@type\":\"Person\",\"@id\":\"https:\\\/\\\/azelec.be\\\/en\\\/#\\\/schema\\\/person\\\/2fda01ea728448fe716bd020155a1535\",\"name\":\"Tanguy Fr\u00e9d\u00e9ric\"}]}<\/script>\n<!-- \/ Yoast SEO plugin. -->","yoast_head_json":{"title":"New visual identity of Az\u00e9lec, electricity specialist in Brussels","description":"Az\u00e9lec unveils its new visual identity, showcasing a modern look that reflects its commitment to quality and customer proximity.","robots":{"index":"index","follow":"follow","max-snippet":"max-snippet:-1","max-image-preview":"max-image-preview:large","max-video-preview":"max-video-preview:-1"},"canonical":"https:\/\/azelec.be\/en\/the-new-visual-identity-of-azelec\/","og_locale":"en_US","og_type":"article","og_title":"New visual identity of Az\u00e9lec, electricity specialist in Brussels","og_description":"Az\u00e9lec unveils its new visual identity, showcasing a modern look that reflects its commitment to quality and customer proximity.","og_url":"https:\/\/azelec.be\/en\/the-new-visual-identity-of-azelec\/","og_site_name":"Az\u00e9lec","article_publisher":"https:\/\/facebook.com\/pages\/Azlec\/464300780395849","article_published_time":"2016-07-07T06:30:00+00:00","article_modified_time":"2025-01-07T12:09:14+00:00","og_image":[{"width":2500,"height":1667,"url":"https:\/\/azelec.be\/wp-content\/uploads\/2024\/10\/Vue-laterale-avant.png","type":"image\/png"}],"author":"Tanguy Fr\u00e9d\u00e9ric","twitter_card":"summary_large_image","twitter_misc":{"Written by":"Tanguy Fr\u00e9d\u00e9ric","Est. reading time":"1 minute"},"schema":{"@context":"https:\/\/schema.org","@graph":[{"@type":"Article","@id":"https:\/\/azelec.be\/en\/the-new-visual-identity-of-azelec\/#article","isPartOf":{"@id":"https:\/\/azelec.be\/en\/the-new-visual-identity-of-azelec\/"},"author":{"name":"Tanguy Fr\u00e9d\u00e9ric","@id":"https:\/\/azelec.be\/en\/#\/schema\/person\/2fda01ea728448fe716bd020155a1535"},"headline":"Az\u00e9lec\u2019s new visual identity\u00a0","datePublished":"2016-07-07T06:30:00+00:00","dateModified":"2025-01-07T12:09:14+00:00","mainEntityOfPage":{"@id":"https:\/\/azelec.be\/en\/the-new-visual-identity-of-azelec\/"},"wordCount":144,"publisher":{"@id":"https:\/\/azelec.be\/en\/#organization"},"image":{"@id":"https:\/\/azelec.be\/en\/the-new-visual-identity-of-azelec\/#primaryimage"},"thumbnailUrl":"https:\/\/azelec.be\/wp-content\/uploads\/2024\/10\/Vue-laterale-avant.png","articleSection":["Actualit\u00e9s","News"],"inLanguage":"en-US"},{"@type":"WebPage","@id":"https:\/\/azelec.be\/en\/the-new-visual-identity-of-azelec\/","url":"https:\/\/azelec.be\/en\/the-new-visual-identity-of-azelec\/","name":"New visual identity of Az\u00e9lec, electricity specialist in Brussels","isPartOf":{"@id":"https:\/\/azelec.be\/en\/#website"},"primaryImageOfPage":{"@id":"https:\/\/azelec.be\/en\/the-new-visual-identity-of-azelec\/#primaryimage"},"image":{"@id":"https:\/\/azelec.be\/en\/the-new-visual-identity-of-azelec\/#primaryimage"},"thumbnailUrl":"https:\/\/azelec.be\/wp-content\/uploads\/2024\/10\/Vue-laterale-avant.png","datePublished":"2016-07-07T06:30:00+00:00","dateModified":"2025-01-07T12:09:14+00:00","description":"Az\u00e9lec unveils its new visual identity, showcasing a modern look that reflects its commitment to quality and customer proximity.","breadcrumb":{"@id":"https:\/\/azelec.be\/en\/the-new-visual-identity-of-azelec\/#breadcrumb"},"inLanguage":"en-US","potentialAction":[{"@type":"ReadAction","target":["https:\/\/azelec.be\/en\/the-new-visual-identity-of-azelec\/"]}]},{"@type":"ImageObject","inLanguage":"en-US","@id":"https:\/\/azelec.be\/en\/the-new-visual-identity-of-azelec\/#primaryimage","url":"https:\/\/azelec.be\/wp-content\/uploads\/2024\/10\/Vue-laterale-avant.png","contentUrl":"https:\/\/azelec.be\/wp-content\/uploads\/2024\/10\/Vue-laterale-avant.png","width":2500,"height":1667},{"@type":"BreadcrumbList","@id":"https:\/\/azelec.be\/en\/the-new-visual-identity-of-azelec\/#breadcrumb","itemListElement":[{"@type":"ListItem","position":1,"name":"Home","item":"https:\/\/azelec.be\/en\/"},{"@type":"ListItem","position":2,"name":"Az\u00e9lec\u2019s new visual identity\u00a0"}]},{"@type":"WebSite","@id":"https:\/\/azelec.be\/en\/#website","url":"https:\/\/azelec.be\/en\/","name":"Az\u00e9lec","description":"Entreprise g\u00e9n\u00e9rale d&#039;\u00e9lectricit\u00e9 dans le secteur de la construction pour les particuliers et professionnels.","publisher":{"@id":"https:\/\/azelec.be\/en\/#organization"},"potentialAction":[{"@type":"SearchAction","target":{"@type":"EntryPoint","urlTemplate":"https:\/\/azelec.be\/en\/?s={search_term_string}"},"query-input":{"@type":"PropertyValueSpecification","valueRequired":true,"valueName":"search_term_string"}}],"inLanguage":"en-US"},{"@type":"Organization","@id":"https:\/\/azelec.be\/en\/#organization","name":"Az\u00e9lec","url":"https:\/\/azelec.be\/en\/","logo":{"@type":"ImageObject","inLanguage":"en-US","@id":"https:\/\/azelec.be\/en\/#\/schema\/logo\/image\/","url":"https:\/\/azelec.be\/wp-content\/uploads\/2024\/07\/logo.svg","contentUrl":"https:\/\/azelec.be\/wp-content\/uploads\/2024\/07\/logo.svg","width":493,"height":86,"caption":"Az\u00e9lec"},"image":{"@id":"https:\/\/azelec.be\/en\/#\/schema\/logo\/image\/"},"sameAs":["https:\/\/facebook.com\/pages\/Azlec\/464300780395849","https:\/\/www.instagram.com\/azelec.be\/","https:\/\/www.linkedin.com\/company\/3338450","https:\/\/www.youtube.com\/channel\/UCElmKgi5qzaPSqJ_u3IfvHw"]},{"@type":"Person","@id":"https:\/\/azelec.be\/en\/#\/schema\/person\/2fda01ea728448fe716bd020155a1535","name":"Tanguy Fr\u00e9d\u00e9ric"}]}},"_links":{"self":[{"href":"https:\/\/azelec.be\/en\/wp-json\/wp\/v2\/posts\/3518","targetHints":{"allow":["GET"]}}],"collection":[{"href":"https:\/\/azelec.be\/en\/wp-json\/wp\/v2\/posts"}],"about":[{"href":"https:\/\/azelec.be\/en\/wp-json\/wp\/v2\/types\/post"}],"author":[{"embeddable":true,"href":"https:\/\/azelec.be\/en\/wp-json\/wp\/v2\/users\/2"}],"replies":[{"embeddable":true,"href":"https:\/\/azelec.be\/en\/wp-json\/wp\/v2\/comments?post=3518"}],"version-history":[{"count":0,"href":"https:\/\/azelec.be\/en\/wp-json\/wp\/v2\/posts\/3518\/revisions"}],"wp:featuredmedia":[{"embeddable":true,"href":"https:\/\/azelec.be\/en\/wp-json\/wp\/v2\/media\/3376"}],"wp:attachment":[{"href":"https:\/\/azelec.be\/en\/wp-json\/wp\/v2\/media?parent=3518"}],"wp:term":[{"taxonomy":"category","embeddable":true,"href":"https:\/\/azelec.be\/en\/wp-json\/wp\/v2\/categories?post=3518"},{"taxonomy":"post_tag","embeddable":true,"href":"https:\/\/azelec.be\/en\/wp-json\/wp\/v2\/tags?post=3518"}],"curies":[{"name":"wp","href":"https:\/\/api.w.org\/{rel}","templated":true}]}}