{"id":3520,"date":"2016-04-23T11:07:00","date_gmt":"2016-04-23T09:07:00","guid":{"rendered":"https:\/\/azelec.be\/construction-dun-nouveau-batiment-pour-azelec\/"},"modified":"2025-01-07T13:10:16","modified_gmt":"2025-01-07T12:10:16","slug":"construction-of-a-new-building-for-azelec","status":"publish","type":"post","link":"https:\/\/azelec.be\/en\/construction-of-a-new-building-for-azelec\/","title":{"rendered":"Construction of a new building for Az\u00e9lec"},"content":{"rendered":"\n\t\t\t<div class=\"container alll-container\">\n\t\t\t\t<div class=\"alll-row row justify-content-center\">\n\t\t\t\t\t<div class=\"alll-rowInner alll-rowInner--general\">\n<h1 class=\"wp-block-heading\">Construction of a new building for <strong>Az\u00e9lec<\/strong><\/h1>\n<\/div><\/div><\/div>\n\t\t\t<div class=\"container alll-container\">\n\t\t\t\t<div class=\"alll-row row justify-content-center\">\n\t\t\t\t\t<div class=\"alll-rowInner alll-rowInner--general\">\n\n<\/div><\/div><\/div>\n\t\t\t<div class=\"container alll-container\">\n\t\t\t\t<div class=\"alll-row row justify-content-center\">\n\t\t\t\t\t<div class=\"alll-rowInner alll-rowInner--general\">\n<p>We are pleased to announce that we are in the process of constructing an energy-efficient building. Excavation work has just begun. The construction of this building is an essential step in the continuity of Az\u00e9lec\u2019s expansion, whilst accentuating our sustainable development policy.<\/p>\n<\/div><\/div><\/div>\n\t\t\t<div class=\"container alll-container\">\n\t\t\t\t<div class=\"alll-row row justify-content-center\">\n\t\t\t\t\t<div class=\"alll-rowInner alll-rowInner--general\">\n\n<\/div><\/div><\/div>\n\t\t\t<div class=\"container alll-container\">\n\t\t\t\t<div class=\"alll-row row justify-content-center\">\n\t\t\t\t\t<div class=\"alll-rowInner alll-rowInner--general\">\n<p><\/p>\n<\/div><\/div><\/div>","protected":false},"excerpt":{"rendered":"<p>Construction of a new building for Az\u00e9lec We are pleased to announce that we are in the process of constructing an energy-efficient building. Excavation work has just begun. The construction of this building is an essential step in the continuity of Az\u00e9lec\u2019s expansion, whilst accentuating our sustainable development policy.<\/p>\n","protected":false},"author":3,"featured_media":2900,"comment_status":"closed","ping_status":"closed","sticky":false,"template":"","format":"standard","meta":{"_acf_changed":false,"neve_meta_sidebar":"","neve_meta_container":"","neve_meta_enable_content_width":"","neve_meta_content_width":0,"neve_meta_title_alignment":"","neve_meta_author_avatar":"","neve_post_elements_order":"","neve_meta_disable_header":"","neve_meta_disable_footer":"","neve_meta_disable_title":"","neve_meta_reading_time":"","footnotes":""},"categories":[20,1],"tags":[],"class_list":["post-3520","post","type-post","status-publish","format-standard","has-post-thumbnail","hentry","category-actualites-en","category-news"],"acf":[],"yoast_head":"<!-- This site is optimized with the Yoast SEO plugin v27.4 - https:\/\/yoast.com\/product\/yoast-seo-wordpress\/ -->\n<title>Construction of a new building for Az\u00e9lec, electricity specialist<\/title>\n<meta name=\"description\" content=\"Az\u00e9lec is building a low-energy building near Brussels, affirming its commitment to sustainable development and growth.\" \/>\n<meta name=\"robots\" content=\"index, follow, max-snippet:-1, max-image-preview:large, max-video-preview:-1\" \/>\n<link rel=\"canonical\" href=\"https:\/\/azelec.be\/en\/construction-of-a-new-building-for-azelec\/\" \/>\n<meta property=\"og:locale\" content=\"en_US\" \/>\n<meta property=\"og:type\" content=\"article\" \/>\n<meta property=\"og:title\" content=\"Construction of a new building for Az\u00e9lec, electricity specialist\" \/>\n<meta property=\"og:description\" content=\"Az\u00e9lec is building a low-energy building near Brussels, affirming its commitment to sustainable development and growth.\" \/>\n<meta property=\"og:url\" content=\"https:\/\/azelec.be\/en\/construction-of-a-new-building-for-azelec\/\" \/>\n<meta property=\"og:site_name\" content=\"Az\u00e9lec\" \/>\n<meta property=\"article:publisher\" content=\"https:\/\/facebook.com\/pages\/Azlec\/464300780395849\" \/>\n<meta property=\"article:published_time\" content=\"2016-04-23T09:07:00+00:00\" \/>\n<meta property=\"article:modified_time\" content=\"2025-01-07T12:10:16+00:00\" \/>\n<meta property=\"og:image\" content=\"https:\/\/azelec.be\/wp-content\/uploads\/2024\/09\/Image-5-scaled.jpg\" \/>\n\t<meta property=\"og:image:width\" content=\"2560\" \/>\n\t<meta property=\"og:image:height\" content=\"1714\" \/>\n\t<meta property=\"og:image:type\" content=\"image\/jpeg\" \/>\n<meta name=\"author\" content=\"Admin Az\u00e9lec\" \/>\n<meta name=\"twitter:card\" content=\"summary_large_image\" \/>\n<meta name=\"twitter:label1\" content=\"Written by\" \/>\n\t<meta name=\"twitter:data1\" content=\"Admin Az\u00e9lec\" \/>\n\t<meta name=\"twitter:label2\" content=\"Est. reading time\" \/>\n\t<meta name=\"twitter:data2\" content=\"1 minute\" \/>\n<script type=\"application\/ld+json\" class=\"yoast-schema-graph\">{\"@context\":\"https:\\\/\\\/schema.org\",\"@graph\":[{\"@type\":\"Article\",\"@id\":\"https:\\\/\\\/azelec.be\\\/en\\\/construction-of-a-new-building-for-azelec\\\/#article\",\"isPartOf\":{\"@id\":\"https:\\\/\\\/azelec.be\\\/en\\\/construction-of-a-new-building-for-azelec\\\/\"},\"author\":{\"name\":\"Admin Az\u00e9lec\",\"@id\":\"https:\\\/\\\/azelec.be\\\/en\\\/#\\\/schema\\\/person\\\/756d789b7ca538bf0f01af21453f9156\"},\"headline\":\"Construction of a new building for Az\u00e9lec\",\"datePublished\":\"2016-04-23T09:07:00+00:00\",\"dateModified\":\"2025-01-07T12:10:16+00:00\",\"mainEntityOfPage\":{\"@id\":\"https:\\\/\\\/azelec.be\\\/en\\\/construction-of-a-new-building-for-azelec\\\/\"},\"wordCount\":60,\"publisher\":{\"@id\":\"https:\\\/\\\/azelec.be\\\/en\\\/#organization\"},\"image\":{\"@id\":\"https:\\\/\\\/azelec.be\\\/en\\\/construction-of-a-new-building-for-azelec\\\/#primaryimage\"},\"thumbnailUrl\":\"https:\\\/\\\/azelec.be\\\/wp-content\\\/uploads\\\/2024\\\/09\\\/Image-5-scaled.jpg\",\"articleSection\":[\"Actualit\u00e9s\",\"News\"],\"inLanguage\":\"en-US\"},{\"@type\":\"WebPage\",\"@id\":\"https:\\\/\\\/azelec.be\\\/en\\\/construction-of-a-new-building-for-azelec\\\/\",\"url\":\"https:\\\/\\\/azelec.be\\\/en\\\/construction-of-a-new-building-for-azelec\\\/\",\"name\":\"Construction of a new building for Az\u00e9lec, electricity specialist\",\"isPartOf\":{\"@id\":\"https:\\\/\\\/azelec.be\\\/en\\\/#website\"},\"primaryImageOfPage\":{\"@id\":\"https:\\\/\\\/azelec.be\\\/en\\\/construction-of-a-new-building-for-azelec\\\/#primaryimage\"},\"image\":{\"@id\":\"https:\\\/\\\/azelec.be\\\/en\\\/construction-of-a-new-building-for-azelec\\\/#primaryimage\"},\"thumbnailUrl\":\"https:\\\/\\\/azelec.be\\\/wp-content\\\/uploads\\\/2024\\\/09\\\/Image-5-scaled.jpg\",\"datePublished\":\"2016-04-23T09:07:00+00:00\",\"dateModified\":\"2025-01-07T12:10:16+00:00\",\"description\":\"Az\u00e9lec is building a low-energy building near Brussels, affirming its commitment to sustainable development and growth.\",\"breadcrumb\":{\"@id\":\"https:\\\/\\\/azelec.be\\\/en\\\/construction-of-a-new-building-for-azelec\\\/#breadcrumb\"},\"inLanguage\":\"en-US\",\"potentialAction\":[{\"@type\":\"ReadAction\",\"target\":[\"https:\\\/\\\/azelec.be\\\/en\\\/construction-of-a-new-building-for-azelec\\\/\"]}]},{\"@type\":\"ImageObject\",\"inLanguage\":\"en-US\",\"@id\":\"https:\\\/\\\/azelec.be\\\/en\\\/construction-of-a-new-building-for-azelec\\\/#primaryimage\",\"url\":\"https:\\\/\\\/azelec.be\\\/wp-content\\\/uploads\\\/2024\\\/09\\\/Image-5-scaled.jpg\",\"contentUrl\":\"https:\\\/\\\/azelec.be\\\/wp-content\\\/uploads\\\/2024\\\/09\\\/Image-5-scaled.jpg\",\"width\":2560,\"height\":1714},{\"@type\":\"BreadcrumbList\",\"@id\":\"https:\\\/\\\/azelec.be\\\/en\\\/construction-of-a-new-building-for-azelec\\\/#breadcrumb\",\"itemListElement\":[{\"@type\":\"ListItem\",\"position\":1,\"name\":\"Home\",\"item\":\"https:\\\/\\\/azelec.be\\\/en\\\/\"},{\"@type\":\"ListItem\",\"position\":2,\"name\":\"Construction of a new building for Az\u00e9lec\"}]},{\"@type\":\"WebSite\",\"@id\":\"https:\\\/\\\/azelec.be\\\/en\\\/#website\",\"url\":\"https:\\\/\\\/azelec.be\\\/en\\\/\",\"name\":\"Az\u00e9lec\",\"description\":\"Entreprise g\u00e9n\u00e9rale d&#039;\u00e9lectricit\u00e9 dans le secteur de la construction pour les particuliers et professionnels.\",\"publisher\":{\"@id\":\"https:\\\/\\\/azelec.be\\\/en\\\/#organization\"},\"potentialAction\":[{\"@type\":\"SearchAction\",\"target\":{\"@type\":\"EntryPoint\",\"urlTemplate\":\"https:\\\/\\\/azelec.be\\\/en\\\/?s={search_term_string}\"},\"query-input\":{\"@type\":\"PropertyValueSpecification\",\"valueRequired\":true,\"valueName\":\"search_term_string\"}}],\"inLanguage\":\"en-US\"},{\"@type\":\"Organization\",\"@id\":\"https:\\\/\\\/azelec.be\\\/en\\\/#organization\",\"name\":\"Az\u00e9lec\",\"url\":\"https:\\\/\\\/azelec.be\\\/en\\\/\",\"logo\":{\"@type\":\"ImageObject\",\"inLanguage\":\"en-US\",\"@id\":\"https:\\\/\\\/azelec.be\\\/en\\\/#\\\/schema\\\/logo\\\/image\\\/\",\"url\":\"https:\\\/\\\/azelec.be\\\/wp-content\\\/uploads\\\/2024\\\/07\\\/logo.svg\",\"contentUrl\":\"https:\\\/\\\/azelec.be\\\/wp-content\\\/uploads\\\/2024\\\/07\\\/logo.svg\",\"width\":493,\"height\":86,\"caption\":\"Az\u00e9lec\"},\"image\":{\"@id\":\"https:\\\/\\\/azelec.be\\\/en\\\/#\\\/schema\\\/logo\\\/image\\\/\"},\"sameAs\":[\"https:\\\/\\\/facebook.com\\\/pages\\\/Azlec\\\/464300780395849\",\"https:\\\/\\\/www.instagram.com\\\/azelec.be\\\/\",\"https:\\\/\\\/www.linkedin.com\\\/company\\\/3338450\",\"https:\\\/\\\/www.youtube.com\\\/channel\\\/UCElmKgi5qzaPSqJ_u3IfvHw\"]},{\"@type\":\"Person\",\"@id\":\"https:\\\/\\\/azelec.be\\\/en\\\/#\\\/schema\\\/person\\\/756d789b7ca538bf0f01af21453f9156\",\"name\":\"Admin Az\u00e9lec\"}]}<\/script>\n<!-- \/ Yoast SEO plugin. -->","yoast_head_json":{"title":"Construction of a new building for Az\u00e9lec, electricity specialist","description":"Az\u00e9lec is building a low-energy building near Brussels, affirming its commitment to sustainable development and growth.","robots":{"index":"index","follow":"follow","max-snippet":"max-snippet:-1","max-image-preview":"max-image-preview:large","max-video-preview":"max-video-preview:-1"},"canonical":"https:\/\/azelec.be\/en\/construction-of-a-new-building-for-azelec\/","og_locale":"en_US","og_type":"article","og_title":"Construction of a new building for Az\u00e9lec, electricity specialist","og_description":"Az\u00e9lec is building a low-energy building near Brussels, affirming its commitment to sustainable development and growth.","og_url":"https:\/\/azelec.be\/en\/construction-of-a-new-building-for-azelec\/","og_site_name":"Az\u00e9lec","article_publisher":"https:\/\/facebook.com\/pages\/Azlec\/464300780395849","article_published_time":"2016-04-23T09:07:00+00:00","article_modified_time":"2025-01-07T12:10:16+00:00","og_image":[{"width":2560,"height":1714,"url":"https:\/\/azelec.be\/wp-content\/uploads\/2024\/09\/Image-5-scaled.jpg","type":"image\/jpeg"}],"author":"Admin Az\u00e9lec","twitter_card":"summary_large_image","twitter_misc":{"Written by":"Admin Az\u00e9lec","Est. reading time":"1 minute"},"schema":{"@context":"https:\/\/schema.org","@graph":[{"@type":"Article","@id":"https:\/\/azelec.be\/en\/construction-of-a-new-building-for-azelec\/#article","isPartOf":{"@id":"https:\/\/azelec.be\/en\/construction-of-a-new-building-for-azelec\/"},"author":{"name":"Admin Az\u00e9lec","@id":"https:\/\/azelec.be\/en\/#\/schema\/person\/756d789b7ca538bf0f01af21453f9156"},"headline":"Construction of a new building for Az\u00e9lec","datePublished":"2016-04-23T09:07:00+00:00","dateModified":"2025-01-07T12:10:16+00:00","mainEntityOfPage":{"@id":"https:\/\/azelec.be\/en\/construction-of-a-new-building-for-azelec\/"},"wordCount":60,"publisher":{"@id":"https:\/\/azelec.be\/en\/#organization"},"image":{"@id":"https:\/\/azelec.be\/en\/construction-of-a-new-building-for-azelec\/#primaryimage"},"thumbnailUrl":"https:\/\/azelec.be\/wp-content\/uploads\/2024\/09\/Image-5-scaled.jpg","articleSection":["Actualit\u00e9s","News"],"inLanguage":"en-US"},{"@type":"WebPage","@id":"https:\/\/azelec.be\/en\/construction-of-a-new-building-for-azelec\/","url":"https:\/\/azelec.be\/en\/construction-of-a-new-building-for-azelec\/","name":"Construction of a new building for Az\u00e9lec, electricity specialist","isPartOf":{"@id":"https:\/\/azelec.be\/en\/#website"},"primaryImageOfPage":{"@id":"https:\/\/azelec.be\/en\/construction-of-a-new-building-for-azelec\/#primaryimage"},"image":{"@id":"https:\/\/azelec.be\/en\/construction-of-a-new-building-for-azelec\/#primaryimage"},"thumbnailUrl":"https:\/\/azelec.be\/wp-content\/uploads\/2024\/09\/Image-5-scaled.jpg","datePublished":"2016-04-23T09:07:00+00:00","dateModified":"2025-01-07T12:10:16+00:00","description":"Az\u00e9lec is building a low-energy building near Brussels, affirming its commitment to sustainable development and growth.","breadcrumb":{"@id":"https:\/\/azelec.be\/en\/construction-of-a-new-building-for-azelec\/#breadcrumb"},"inLanguage":"en-US","potentialAction":[{"@type":"ReadAction","target":["https:\/\/azelec.be\/en\/construction-of-a-new-building-for-azelec\/"]}]},{"@type":"ImageObject","inLanguage":"en-US","@id":"https:\/\/azelec.be\/en\/construction-of-a-new-building-for-azelec\/#primaryimage","url":"https:\/\/azelec.be\/wp-content\/uploads\/2024\/09\/Image-5-scaled.jpg","contentUrl":"https:\/\/azelec.be\/wp-content\/uploads\/2024\/09\/Image-5-scaled.jpg","width":2560,"height":1714},{"@type":"BreadcrumbList","@id":"https:\/\/azelec.be\/en\/construction-of-a-new-building-for-azelec\/#breadcrumb","itemListElement":[{"@type":"ListItem","position":1,"name":"Home","item":"https:\/\/azelec.be\/en\/"},{"@type":"ListItem","position":2,"name":"Construction of a new building for Az\u00e9lec"}]},{"@type":"WebSite","@id":"https:\/\/azelec.be\/en\/#website","url":"https:\/\/azelec.be\/en\/","name":"Az\u00e9lec","description":"Entreprise g\u00e9n\u00e9rale d&#039;\u00e9lectricit\u00e9 dans le secteur de la construction pour les particuliers et professionnels.","publisher":{"@id":"https:\/\/azelec.be\/en\/#organization"},"potentialAction":[{"@type":"SearchAction","target":{"@type":"EntryPoint","urlTemplate":"https:\/\/azelec.be\/en\/?s={search_term_string}"},"query-input":{"@type":"PropertyValueSpecification","valueRequired":true,"valueName":"search_term_string"}}],"inLanguage":"en-US"},{"@type":"Organization","@id":"https:\/\/azelec.be\/en\/#organization","name":"Az\u00e9lec","url":"https:\/\/azelec.be\/en\/","logo":{"@type":"ImageObject","inLanguage":"en-US","@id":"https:\/\/azelec.be\/en\/#\/schema\/logo\/image\/","url":"https:\/\/azelec.be\/wp-content\/uploads\/2024\/07\/logo.svg","contentUrl":"https:\/\/azelec.be\/wp-content\/uploads\/2024\/07\/logo.svg","width":493,"height":86,"caption":"Az\u00e9lec"},"image":{"@id":"https:\/\/azelec.be\/en\/#\/schema\/logo\/image\/"},"sameAs":["https:\/\/facebook.com\/pages\/Azlec\/464300780395849","https:\/\/www.instagram.com\/azelec.be\/","https:\/\/www.linkedin.com\/company\/3338450","https:\/\/www.youtube.com\/channel\/UCElmKgi5qzaPSqJ_u3IfvHw"]},{"@type":"Person","@id":"https:\/\/azelec.be\/en\/#\/schema\/person\/756d789b7ca538bf0f01af21453f9156","name":"Admin Az\u00e9lec"}]}},"_links":{"self":[{"href":"https:\/\/azelec.be\/en\/wp-json\/wp\/v2\/posts\/3520","targetHints":{"allow":["GET"]}}],"collection":[{"href":"https:\/\/azelec.be\/en\/wp-json\/wp\/v2\/posts"}],"about":[{"href":"https:\/\/azelec.be\/en\/wp-json\/wp\/v2\/types\/post"}],"author":[{"embeddable":true,"href":"https:\/\/azelec.be\/en\/wp-json\/wp\/v2\/users\/3"}],"replies":[{"embeddable":true,"href":"https:\/\/azelec.be\/en\/wp-json\/wp\/v2\/comments?post=3520"}],"version-history":[{"count":0,"href":"https:\/\/azelec.be\/en\/wp-json\/wp\/v2\/posts\/3520\/revisions"}],"wp:featuredmedia":[{"embeddable":true,"href":"https:\/\/azelec.be\/en\/wp-json\/wp\/v2\/media\/2900"}],"wp:attachment":[{"href":"https:\/\/azelec.be\/en\/wp-json\/wp\/v2\/media?parent=3520"}],"wp:term":[{"taxonomy":"category","embeddable":true,"href":"https:\/\/azelec.be\/en\/wp-json\/wp\/v2\/categories?post=3520"},{"taxonomy":"post_tag","embeddable":true,"href":"https:\/\/azelec.be\/en\/wp-json\/wp\/v2\/tags?post=3520"}],"curies":[{"name":"wp","href":"https:\/\/api.w.org\/{rel}","templated":true}]}}