{"id":3524,"date":"2015-06-17T20:59:00","date_gmt":"2015-06-17T18:59:00","guid":{"rendered":"https:\/\/azelec.be\/vous-etes-victime-dune-panne-individuelle-ou-generalisee\/"},"modified":"2025-01-07T13:13:51","modified_gmt":"2025-01-07T12:13:51","slug":"have-you-suffered-an-individual-or-general-power-failure","status":"publish","type":"post","link":"https:\/\/azelec.be\/en\/have-you-suffered-an-individual-or-general-power-failure\/","title":{"rendered":"Have you suffered an individual or general power failure?"},"content":{"rendered":"\n\t\t\t<div class=\"container alll-container\">\n\t\t\t\t<div class=\"alll-row row justify-content-center\">\n\t\t\t\t\t<div class=\"alll-rowInner alll-rowInner--general\">\n<h1 class=\"wp-block-heading\">Have you suffered an individual or general power failure?<\/h1>\n<\/div><\/div><\/div>\n\t\t\t<div class=\"container alll-container\">\n\t\t\t\t<div class=\"alll-row row justify-content-center\">\n\t\t\t\t\t<div class=\"alll-rowInner alll-rowInner--general\">\n\n<\/div><\/div><\/div>\n\t\t\t<div class=\"container alll-container\">\n\t\t\t\t<div class=\"alll-row row justify-content-center\">\n\t\t\t\t\t<div class=\"alll-rowInner alll-rowInner--general\">\n<p><em>The first thing to do in the event of a power outage is to check whether it only affects your building or whether the whole neighbourhood is affected.\u00a0If the whole neighbourhood is affected, it&#8217;s probably a failure in the distribution network. Contact your electricity supplier by calling the number specified on your last bill.<\/em><\/p>\n<\/div><\/div><\/div>\n\t\t\t<div class=\"container alll-container\">\n\t\t\t\t<div class=\"alll-row row justify-content-center\">\n\t\t\t\t\t<div class=\"alll-rowInner alll-rowInner--general\">\n\n<\/div><\/div><\/div>\n\t\t\t<div class=\"container alll-container\">\n\t\t\t\t<div class=\"alll-row row justify-content-center\">\n\t\t\t\t\t<div class=\"alll-rowInner alll-rowInner--general\">\n<p>If you are the only one to experience a power outage, this means the fault is in your installation. If this is the case, the following tips can help you identify the source of the problem. In some cases, you may be able to restore the electricity yourself. Something like a circuit breaker can easily be reset, for example.<\/p>\n<\/div><\/div><\/div>\n\t\t\t<div class=\"container alll-container\">\n\t\t\t\t<div class=\"alll-row row justify-content-center\">\n\t\t\t\t\t<div class=\"alll-rowInner alll-rowInner--general\">\n\n<\/div><\/div><\/div>\n\t\t\t<div class=\"container alll-container\">\n\t\t\t\t<div class=\"alll-row row justify-content-center\">\n\t\t\t\t\t<div class=\"alll-rowInner alll-rowInner--general\">\n<p>If the issue is more complicated, the precautions you have taken make it easier for your technician to act. If in doubt, always contact an electrician.<\/p>\n<\/div><\/div><\/div>\n\t\t\t<div class=\"container alll-container\">\n\t\t\t\t<div class=\"alll-row row justify-content-center\">\n\t\t\t\t\t<div class=\"alll-rowInner alll-rowInner--general\">\n\n<\/div><\/div><\/div>\n\t\t\t<div class=\"container alll-container\">\n\t\t\t\t<div class=\"alll-row row justify-content-center\">\n\t\t\t\t\t<div class=\"alll-rowInner alll-rowInner--general\">\n<p><a href=\"https:\/\/particuliers.engie.fr\/electricite\/conseils-electricite\/conseils-installation-electrique\/panne-electrique.html\" target=\"_blank\" rel=\"noreferrer noopener\">What to do in the event of a power outage?<\/a><\/p>\n<\/div><\/div><\/div>\n\t\t\t<div class=\"container alll-container\">\n\t\t\t\t<div class=\"alll-row row justify-content-center\">\n\t\t\t\t\t<div class=\"alll-rowInner alll-rowInner--general\">\n\n<\/div><\/div><\/div><div class=\"container-xxl\"><div class=\"row justify-content-center\"><div class=\"alll-rowInner alll-rowInner--side\">\n\n\n\n\n\n\n\n\n    <div class=\"m-flexible animated fadeInUp animate__slow m-flexible--sideBySide \" id=\"js-sideBySide-block_316a64d6727b842ea8504119a2b6fc4a\" >\n\n        <div class=\"m-flexible--sideBySide__child \">\n\n            <div class=\"m-flexible--sideBySide__body row justify-content-left\">\n\n                <div class=\"m-flexible--sideBySide__inception m-flexible--sideBySide__inception--img col-xxxl-6 col-xl-6 col-lg-12 col-md-12 col-sm-12 \">\n\n                    \n                    <img decoding=\"async\"   \n        width=\"500\"  height=\"190\" \n        src=\"https:\/\/azelec.be\/wp-content\/uploads\/2024\/09\/mise-a-terre-liaisonq-500x190.jpg\" \n        srcset=\"https:\/\/azelec.be\/wp-content\/uploads\/2024\/09\/mise-a-terre-liaisonq-500x190.jpg 500w, https:\/\/azelec.be\/wp-content\/uploads\/2024\/09\/mise-a-terre-liaisonq-1000x385.jpg 1000w, https:\/\/azelec.be\/wp-content\/uploads\/2024\/09\/mise-a-terre-liaisonq-2000x770.jpg 2000w\" \n        sizes=\"(max-width: 1199px) 100vw, 50vw\"  \n        alt=\"Handling an electric meter.\"\n    \/>\n                <\/div>\n\n                <div class=\"m-flexible--sideBySide__inception m-flexible--sideBySide__inception--content col-xxl-4 col-xl-5 col-lg-12 col-md-12 col-sm-12 \">\n\n                                                                                <h2 class=\"\"><strong>Fuses<\/strong> and circuit breakers<\/h2>                        \n                                                    <p>Electrical systems are protected by circuit breakers which react to excessive current loads caused by the simultaneous use of too many appliances, a faulty appliance or a fault in the installation. This system protects you against fire in case of an overload or short circuit by automatically cutting off the current.<br \/>\nIf a fuse has been damaged, it needs to be replaced by a specialist technician. If a current in excess of a certain value went through the fuse, the metal filament inside the fuse will melt.<br \/>\nCircuit breakers can be reset several times. Only if the circuit breaker has tripped can you &#8220;switch the power back on&#8221; yourself, simply by resetting it. In colloquial terms, we say that &#8220;the fuse has tripped (or blown)&#8221;.<\/p>\n                        \n                        \n                        \n\n                <\/div><!-- \/sideBySide__inception -->\n\n            <\/div><!-- \/sideBySide body -->\n\n        <\/div><!-- \/sideBySide child -->\n\n    <\/div><!-- \/sideBySide flexible -->\n\n\n<\/div><\/div><\/div>\n\t\t\t<div class=\"container alll-container\">\n\t\t\t\t<div class=\"alll-row row justify-content-center\">\n\t\t\t\t\t<div class=\"alll-rowInner alll-rowInner--general\">\n\n<\/div><\/div><\/div><div class=\"container-xxl\"><div class=\"row justify-content-center\"><div class=\"alll-rowInner alll-rowInner--side\">\n\n\n\n\n\n\n\n\n    <div class=\"m-flexible animated fadeInUp animate__slow m-flexible--sideBySide \" id=\"js-sideBySide-block_0df6026fd085bc85521196b2b1cb7142\" >\n\n        <div class=\"m-flexible--sideBySide__child \">\n\n            <div class=\"m-flexible--sideBySide__body row justify-content-left\">\n\n                <div class=\"m-flexible--sideBySide__inception m-flexible--sideBySide__inception--img col-xxxl-6 col-xl-6 col-lg-12 col-md-12 col-sm-12 order-xl-last\">\n\n                    \n                    <img decoding=\"async\"   \n        width=\"500\"  height=\"190\" \n        src=\"https:\/\/azelec.be\/wp-content\/uploads\/2024\/08\/renforcement-du-compteur-electrique-500x190.png\" \n        srcset=\"https:\/\/azelec.be\/wp-content\/uploads\/2024\/08\/renforcement-du-compteur-electrique-500x190.png 500w, https:\/\/azelec.be\/wp-content\/uploads\/2024\/08\/renforcement-du-compteur-electrique.png 790w, https:\/\/azelec.be\/wp-content\/uploads\/2024\/08\/renforcement-du-compteur-electrique.png 790w\" \n        sizes=\"(max-width: 1199px) 100vw, 50vw\"  \n        alt=\"The differential switch\"\n    \/>\n                <\/div>\n\n                <div class=\"m-flexible--sideBySide__inception m-flexible--sideBySide__inception--content col-xxl-4 col-xl-5 col-lg-12 col-md-12 col-sm-12  order-xl-first offset-xxl-1\">\n\n                                                                                <h2 class=\"\">The <strong>differential<\/strong> switch<\/h2>                        \n                                                    <p>In addition to the traditional function of a fuse or circuit breaker, which protects electrical circuits against overloads and short circuits, differential switches (a.k.a. residual current breakers) protect property and people against direct and indirect contact. The aim is to prevent any risk of electrocution.<br \/>\nTheir role is to cut off the power supply in the event of an insulation fault (or loss of current) in an installation. They constantly compare the phase current rating with the neutral current rating.<br \/>\nIn the event of an insulation fault, the current will be drained off via the protective earth conductor, enabling the residual current device to detect a potential difference and cut the power supply to the installation.<\/p>\n                        \n                        \n                        \n\n                <\/div><!-- \/sideBySide__inception -->\n\n            <\/div><!-- \/sideBySide body -->\n\n        <\/div><!-- \/sideBySide child -->\n\n    <\/div><!-- \/sideBySide flexible -->\n\n\n<\/div><\/div><\/div>\n\t\t\t<div class=\"container alll-container\">\n\t\t\t\t<div class=\"alll-row row justify-content-center\">\n\t\t\t\t\t<div class=\"alll-rowInner alll-rowInner--general\">\n\n<\/div><\/div><\/div><div class=\"container-xxl\"><div class=\"row justify-content-center\"><div class=\"alll-rowInner alll-rowInner--side\">\n\n\n\n\n\n\n\n\n    <div class=\"m-flexible animated fadeInUp animate__slow m-flexible--sideBySide \" id=\"js-sideBySide-block_b1e2ca292e863a52b9f142f2c5ee09f2\" >\n\n        <div class=\"m-flexible--sideBySide__child \">\n\n            <div class=\"m-flexible--sideBySide__body row justify-content-left\">\n\n                <div class=\"m-flexible--sideBySide__inception m-flexible--sideBySide__inception--img col-xxxl-6 col-xl-6 col-lg-12 col-md-12 col-sm-12 \">\n\n                    \n                    <img decoding=\"async\"   \n        width=\"500\"  height=\"190\" \n        src=\"https:\/\/azelec.be\/wp-content\/uploads\/2024\/09\/shutterstock_201525587-500x190.jpg\" \n        srcset=\"https:\/\/azelec.be\/wp-content\/uploads\/2024\/09\/shutterstock_201525587-500x190.jpg 500w, https:\/\/azelec.be\/wp-content\/uploads\/2024\/09\/shutterstock_201525587-1000x385.jpg 1000w, https:\/\/azelec.be\/wp-content\/uploads\/2024\/09\/shutterstock_201525587-2000x770.jpg 2000w\" \n        sizes=\"(max-width: 1199px) 100vw, 50vw\"  \n        alt=\"Triggering the general protection\"\n    \/>\n                <\/div>\n\n                <div class=\"m-flexible--sideBySide__inception m-flexible--sideBySide__inception--content col-xxl-4 col-xl-5 col-lg-12 col-md-12 col-sm-12 \">\n\n                                                                                <h2 class=\"\">Triggering the <strong>general protection<\/strong><\/h2>                        \n                                                    <p>If the power outage has been caused by a faulty appliance or too many appliances being used at the same time, in most cases you will notice this quite easily. The current will be cut off as a result of connecting either the damaged appliance or the &#8220;excess&#8221; appliance that has caused an overload.<br \/>\nIn this case, after disconnecting the offending machine(s), check the protection device on your distribution panel. If you have an automatic circuit breaker, reset it. If the outage reoccurs when you connect a particular appliance, contact a technician. Act likewise if a fuse needs replacing or if you are in any doubt.<\/p>\n                        \n                        \n                        \n\n                <\/div><!-- \/sideBySide__inception -->\n\n            <\/div><!-- \/sideBySide body -->\n\n        <\/div><!-- \/sideBySide child -->\n\n    <\/div><!-- \/sideBySide flexible -->\n\n\n<\/div><\/div><\/div>","protected":false},"excerpt":{"rendered":"<p>Have you suffered an individual or general power failure? The first thing to do in the event of a power outage is to check whether it only affects your building or whether the whole neighbourhood is affected.\u00a0If the whole neighbourhood is affected, it&#8217;s probably a failure in the distribution network. Contact your electricity supplier by&hellip;&nbsp;<a href=\"https:\/\/azelec.be\/en\/have-you-suffered-an-individual-or-general-power-failure\/\" rel=\"bookmark\">Read More &raquo;<span class=\"screen-reader-text\">Have you suffered an individual or general power failure?<\/span><\/a><\/p>\n","protected":false},"author":2,"featured_media":3198,"comment_status":"closed","ping_status":"closed","sticky":false,"template":"","format":"standard","meta":{"_acf_changed":false,"neve_meta_sidebar":"","neve_meta_container":"","neve_meta_enable_content_width":"","neve_meta_content_width":0,"neve_meta_title_alignment":"","neve_meta_author_avatar":"","neve_post_elements_order":"","neve_meta_disable_header":"","neve_meta_disable_footer":"","neve_meta_disable_title":"","neve_meta_reading_time":"","footnotes":""},"categories":[20,1],"tags":[],"class_list":["post-3524","post","type-post","status-publish","format-standard","has-post-thumbnail","hentry","category-actualites-en","category-news"],"acf":[],"yoast_head":"<!-- This site is optimized with the Yoast SEO plugin v27.4 - https:\/\/yoast.com\/product\/yoast-seo-wordpress\/ -->\n<title>Have you suffered an individual or general power failure?<\/title>\n<meta name=\"description\" content=\"Electrical breakdown? Identify whether it is individual or generalized. Az\u00e9lec helps you diagnose and quickly resolve your problems.\" \/>\n<meta name=\"robots\" content=\"index, follow, max-snippet:-1, max-image-preview:large, max-video-preview:-1\" \/>\n<link rel=\"canonical\" href=\"https:\/\/azelec.be\/en\/have-you-suffered-an-individual-or-general-power-failure\/\" \/>\n<meta property=\"og:locale\" content=\"en_US\" \/>\n<meta property=\"og:type\" content=\"article\" \/>\n<meta property=\"og:title\" content=\"Have you suffered an individual or general power failure?\" \/>\n<meta property=\"og:description\" content=\"Electrical breakdown? Identify whether it is individual or generalized. Az\u00e9lec helps you diagnose and quickly resolve your problems.\" \/>\n<meta property=\"og:url\" content=\"https:\/\/azelec.be\/en\/have-you-suffered-an-individual-or-general-power-failure\/\" \/>\n<meta property=\"og:site_name\" content=\"Az\u00e9lec\" \/>\n<meta property=\"article:publisher\" content=\"https:\/\/facebook.com\/pages\/Azlec\/464300780395849\" \/>\n<meta property=\"article:published_time\" content=\"2015-06-17T18:59:00+00:00\" \/>\n<meta property=\"article:modified_time\" content=\"2025-01-07T12:13:51+00:00\" \/>\n<meta property=\"og:image\" content=\"https:\/\/azelec.be\/wp-content\/uploads\/2024\/10\/shutterstock_2441573825-scaled.jpg\" \/>\n\t<meta property=\"og:image:width\" content=\"2560\" \/>\n\t<meta property=\"og:image:height\" content=\"1707\" \/>\n\t<meta property=\"og:image:type\" content=\"image\/jpeg\" \/>\n<meta name=\"author\" content=\"Tanguy Fr\u00e9d\u00e9ric\" \/>\n<meta name=\"twitter:card\" content=\"summary_large_image\" \/>\n<meta name=\"twitter:label1\" content=\"Written by\" \/>\n\t<meta name=\"twitter:data1\" content=\"Tanguy Fr\u00e9d\u00e9ric\" \/>\n\t<meta name=\"twitter:label2\" content=\"Est. reading time\" \/>\n\t<meta name=\"twitter:data2\" content=\"2 minutes\" \/>\n<script type=\"application\/ld+json\" class=\"yoast-schema-graph\">{\"@context\":\"https:\\\/\\\/schema.org\",\"@graph\":[{\"@type\":\"Article\",\"@id\":\"https:\\\/\\\/azelec.be\\\/en\\\/have-you-suffered-an-individual-or-general-power-failure\\\/#article\",\"isPartOf\":{\"@id\":\"https:\\\/\\\/azelec.be\\\/en\\\/have-you-suffered-an-individual-or-general-power-failure\\\/\"},\"author\":{\"name\":\"Tanguy Fr\u00e9d\u00e9ric\",\"@id\":\"https:\\\/\\\/azelec.be\\\/en\\\/#\\\/schema\\\/person\\\/2fda01ea728448fe716bd020155a1535\"},\"headline\":\"Have you suffered an individual or general power failure?\",\"datePublished\":\"2015-06-17T18:59:00+00:00\",\"dateModified\":\"2025-01-07T12:13:51+00:00\",\"mainEntityOfPage\":{\"@id\":\"https:\\\/\\\/azelec.be\\\/en\\\/have-you-suffered-an-individual-or-general-power-failure\\\/\"},\"wordCount\":169,\"publisher\":{\"@id\":\"https:\\\/\\\/azelec.be\\\/en\\\/#organization\"},\"image\":{\"@id\":\"https:\\\/\\\/azelec.be\\\/en\\\/have-you-suffered-an-individual-or-general-power-failure\\\/#primaryimage\"},\"thumbnailUrl\":\"https:\\\/\\\/azelec.be\\\/wp-content\\\/uploads\\\/2024\\\/10\\\/shutterstock_2441573825-scaled.jpg\",\"articleSection\":[\"Actualit\u00e9s\",\"News\"],\"inLanguage\":\"en-US\"},{\"@type\":\"WebPage\",\"@id\":\"https:\\\/\\\/azelec.be\\\/en\\\/have-you-suffered-an-individual-or-general-power-failure\\\/\",\"url\":\"https:\\\/\\\/azelec.be\\\/en\\\/have-you-suffered-an-individual-or-general-power-failure\\\/\",\"name\":\"Have you suffered an individual or general power failure?\",\"isPartOf\":{\"@id\":\"https:\\\/\\\/azelec.be\\\/en\\\/#website\"},\"primaryImageOfPage\":{\"@id\":\"https:\\\/\\\/azelec.be\\\/en\\\/have-you-suffered-an-individual-or-general-power-failure\\\/#primaryimage\"},\"image\":{\"@id\":\"https:\\\/\\\/azelec.be\\\/en\\\/have-you-suffered-an-individual-or-general-power-failure\\\/#primaryimage\"},\"thumbnailUrl\":\"https:\\\/\\\/azelec.be\\\/wp-content\\\/uploads\\\/2024\\\/10\\\/shutterstock_2441573825-scaled.jpg\",\"datePublished\":\"2015-06-17T18:59:00+00:00\",\"dateModified\":\"2025-01-07T12:13:51+00:00\",\"description\":\"Electrical breakdown? Identify whether it is individual or generalized. Az\u00e9lec helps you diagnose and quickly resolve your problems.\",\"breadcrumb\":{\"@id\":\"https:\\\/\\\/azelec.be\\\/en\\\/have-you-suffered-an-individual-or-general-power-failure\\\/#breadcrumb\"},\"inLanguage\":\"en-US\",\"potentialAction\":[{\"@type\":\"ReadAction\",\"target\":[\"https:\\\/\\\/azelec.be\\\/en\\\/have-you-suffered-an-individual-or-general-power-failure\\\/\"]}]},{\"@type\":\"ImageObject\",\"inLanguage\":\"en-US\",\"@id\":\"https:\\\/\\\/azelec.be\\\/en\\\/have-you-suffered-an-individual-or-general-power-failure\\\/#primaryimage\",\"url\":\"https:\\\/\\\/azelec.be\\\/wp-content\\\/uploads\\\/2024\\\/10\\\/shutterstock_2441573825-scaled.jpg\",\"contentUrl\":\"https:\\\/\\\/azelec.be\\\/wp-content\\\/uploads\\\/2024\\\/10\\\/shutterstock_2441573825-scaled.jpg\",\"width\":2560,\"height\":1707},{\"@type\":\"BreadcrumbList\",\"@id\":\"https:\\\/\\\/azelec.be\\\/en\\\/have-you-suffered-an-individual-or-general-power-failure\\\/#breadcrumb\",\"itemListElement\":[{\"@type\":\"ListItem\",\"position\":1,\"name\":\"Home\",\"item\":\"https:\\\/\\\/azelec.be\\\/en\\\/\"},{\"@type\":\"ListItem\",\"position\":2,\"name\":\"Have you suffered an individual or general power failure?\"}]},{\"@type\":\"WebSite\",\"@id\":\"https:\\\/\\\/azelec.be\\\/en\\\/#website\",\"url\":\"https:\\\/\\\/azelec.be\\\/en\\\/\",\"name\":\"Az\u00e9lec\",\"description\":\"Entreprise g\u00e9n\u00e9rale d&#039;\u00e9lectricit\u00e9 dans le secteur de la construction pour les particuliers et professionnels.\",\"publisher\":{\"@id\":\"https:\\\/\\\/azelec.be\\\/en\\\/#organization\"},\"potentialAction\":[{\"@type\":\"SearchAction\",\"target\":{\"@type\":\"EntryPoint\",\"urlTemplate\":\"https:\\\/\\\/azelec.be\\\/en\\\/?s={search_term_string}\"},\"query-input\":{\"@type\":\"PropertyValueSpecification\",\"valueRequired\":true,\"valueName\":\"search_term_string\"}}],\"inLanguage\":\"en-US\"},{\"@type\":\"Organization\",\"@id\":\"https:\\\/\\\/azelec.be\\\/en\\\/#organization\",\"name\":\"Az\u00e9lec\",\"url\":\"https:\\\/\\\/azelec.be\\\/en\\\/\",\"logo\":{\"@type\":\"ImageObject\",\"inLanguage\":\"en-US\",\"@id\":\"https:\\\/\\\/azelec.be\\\/en\\\/#\\\/schema\\\/logo\\\/image\\\/\",\"url\":\"https:\\\/\\\/azelec.be\\\/wp-content\\\/uploads\\\/2024\\\/07\\\/logo.svg\",\"contentUrl\":\"https:\\\/\\\/azelec.be\\\/wp-content\\\/uploads\\\/2024\\\/07\\\/logo.svg\",\"width\":493,\"height\":86,\"caption\":\"Az\u00e9lec\"},\"image\":{\"@id\":\"https:\\\/\\\/azelec.be\\\/en\\\/#\\\/schema\\\/logo\\\/image\\\/\"},\"sameAs\":[\"https:\\\/\\\/facebook.com\\\/pages\\\/Azlec\\\/464300780395849\",\"https:\\\/\\\/www.instagram.com\\\/azelec.be\\\/\",\"https:\\\/\\\/www.linkedin.com\\\/company\\\/3338450\",\"https:\\\/\\\/www.youtube.com\\\/channel\\\/UCElmKgi5qzaPSqJ_u3IfvHw\"]},{\"@type\":\"Person\",\"@id\":\"https:\\\/\\\/azelec.be\\\/en\\\/#\\\/schema\\\/person\\\/2fda01ea728448fe716bd020155a1535\",\"name\":\"Tanguy Fr\u00e9d\u00e9ric\"}]}<\/script>\n<!-- \/ Yoast SEO plugin. -->","yoast_head_json":{"title":"Have you suffered an individual or general power failure?","description":"Electrical breakdown? Identify whether it is individual or generalized. Az\u00e9lec helps you diagnose and quickly resolve your problems.","robots":{"index":"index","follow":"follow","max-snippet":"max-snippet:-1","max-image-preview":"max-image-preview:large","max-video-preview":"max-video-preview:-1"},"canonical":"https:\/\/azelec.be\/en\/have-you-suffered-an-individual-or-general-power-failure\/","og_locale":"en_US","og_type":"article","og_title":"Have you suffered an individual or general power failure?","og_description":"Electrical breakdown? Identify whether it is individual or generalized. Az\u00e9lec helps you diagnose and quickly resolve your problems.","og_url":"https:\/\/azelec.be\/en\/have-you-suffered-an-individual-or-general-power-failure\/","og_site_name":"Az\u00e9lec","article_publisher":"https:\/\/facebook.com\/pages\/Azlec\/464300780395849","article_published_time":"2015-06-17T18:59:00+00:00","article_modified_time":"2025-01-07T12:13:51+00:00","og_image":[{"width":2560,"height":1707,"url":"https:\/\/azelec.be\/wp-content\/uploads\/2024\/10\/shutterstock_2441573825-scaled.jpg","type":"image\/jpeg"}],"author":"Tanguy Fr\u00e9d\u00e9ric","twitter_card":"summary_large_image","twitter_misc":{"Written by":"Tanguy Fr\u00e9d\u00e9ric","Est. reading time":"2 minutes"},"schema":{"@context":"https:\/\/schema.org","@graph":[{"@type":"Article","@id":"https:\/\/azelec.be\/en\/have-you-suffered-an-individual-or-general-power-failure\/#article","isPartOf":{"@id":"https:\/\/azelec.be\/en\/have-you-suffered-an-individual-or-general-power-failure\/"},"author":{"name":"Tanguy Fr\u00e9d\u00e9ric","@id":"https:\/\/azelec.be\/en\/#\/schema\/person\/2fda01ea728448fe716bd020155a1535"},"headline":"Have you suffered an individual or general power failure?","datePublished":"2015-06-17T18:59:00+00:00","dateModified":"2025-01-07T12:13:51+00:00","mainEntityOfPage":{"@id":"https:\/\/azelec.be\/en\/have-you-suffered-an-individual-or-general-power-failure\/"},"wordCount":169,"publisher":{"@id":"https:\/\/azelec.be\/en\/#organization"},"image":{"@id":"https:\/\/azelec.be\/en\/have-you-suffered-an-individual-or-general-power-failure\/#primaryimage"},"thumbnailUrl":"https:\/\/azelec.be\/wp-content\/uploads\/2024\/10\/shutterstock_2441573825-scaled.jpg","articleSection":["Actualit\u00e9s","News"],"inLanguage":"en-US"},{"@type":"WebPage","@id":"https:\/\/azelec.be\/en\/have-you-suffered-an-individual-or-general-power-failure\/","url":"https:\/\/azelec.be\/en\/have-you-suffered-an-individual-or-general-power-failure\/","name":"Have you suffered an individual or general power failure?","isPartOf":{"@id":"https:\/\/azelec.be\/en\/#website"},"primaryImageOfPage":{"@id":"https:\/\/azelec.be\/en\/have-you-suffered-an-individual-or-general-power-failure\/#primaryimage"},"image":{"@id":"https:\/\/azelec.be\/en\/have-you-suffered-an-individual-or-general-power-failure\/#primaryimage"},"thumbnailUrl":"https:\/\/azelec.be\/wp-content\/uploads\/2024\/10\/shutterstock_2441573825-scaled.jpg","datePublished":"2015-06-17T18:59:00+00:00","dateModified":"2025-01-07T12:13:51+00:00","description":"Electrical breakdown? Identify whether it is individual or generalized. Az\u00e9lec helps you diagnose and quickly resolve your problems.","breadcrumb":{"@id":"https:\/\/azelec.be\/en\/have-you-suffered-an-individual-or-general-power-failure\/#breadcrumb"},"inLanguage":"en-US","potentialAction":[{"@type":"ReadAction","target":["https:\/\/azelec.be\/en\/have-you-suffered-an-individual-or-general-power-failure\/"]}]},{"@type":"ImageObject","inLanguage":"en-US","@id":"https:\/\/azelec.be\/en\/have-you-suffered-an-individual-or-general-power-failure\/#primaryimage","url":"https:\/\/azelec.be\/wp-content\/uploads\/2024\/10\/shutterstock_2441573825-scaled.jpg","contentUrl":"https:\/\/azelec.be\/wp-content\/uploads\/2024\/10\/shutterstock_2441573825-scaled.jpg","width":2560,"height":1707},{"@type":"BreadcrumbList","@id":"https:\/\/azelec.be\/en\/have-you-suffered-an-individual-or-general-power-failure\/#breadcrumb","itemListElement":[{"@type":"ListItem","position":1,"name":"Home","item":"https:\/\/azelec.be\/en\/"},{"@type":"ListItem","position":2,"name":"Have you suffered an individual or general power failure?"}]},{"@type":"WebSite","@id":"https:\/\/azelec.be\/en\/#website","url":"https:\/\/azelec.be\/en\/","name":"Az\u00e9lec","description":"Entreprise g\u00e9n\u00e9rale d&#039;\u00e9lectricit\u00e9 dans le secteur de la construction pour les particuliers et professionnels.","publisher":{"@id":"https:\/\/azelec.be\/en\/#organization"},"potentialAction":[{"@type":"SearchAction","target":{"@type":"EntryPoint","urlTemplate":"https:\/\/azelec.be\/en\/?s={search_term_string}"},"query-input":{"@type":"PropertyValueSpecification","valueRequired":true,"valueName":"search_term_string"}}],"inLanguage":"en-US"},{"@type":"Organization","@id":"https:\/\/azelec.be\/en\/#organization","name":"Az\u00e9lec","url":"https:\/\/azelec.be\/en\/","logo":{"@type":"ImageObject","inLanguage":"en-US","@id":"https:\/\/azelec.be\/en\/#\/schema\/logo\/image\/","url":"https:\/\/azelec.be\/wp-content\/uploads\/2024\/07\/logo.svg","contentUrl":"https:\/\/azelec.be\/wp-content\/uploads\/2024\/07\/logo.svg","width":493,"height":86,"caption":"Az\u00e9lec"},"image":{"@id":"https:\/\/azelec.be\/en\/#\/schema\/logo\/image\/"},"sameAs":["https:\/\/facebook.com\/pages\/Azlec\/464300780395849","https:\/\/www.instagram.com\/azelec.be\/","https:\/\/www.linkedin.com\/company\/3338450","https:\/\/www.youtube.com\/channel\/UCElmKgi5qzaPSqJ_u3IfvHw"]},{"@type":"Person","@id":"https:\/\/azelec.be\/en\/#\/schema\/person\/2fda01ea728448fe716bd020155a1535","name":"Tanguy Fr\u00e9d\u00e9ric"}]}},"_links":{"self":[{"href":"https:\/\/azelec.be\/en\/wp-json\/wp\/v2\/posts\/3524","targetHints":{"allow":["GET"]}}],"collection":[{"href":"https:\/\/azelec.be\/en\/wp-json\/wp\/v2\/posts"}],"about":[{"href":"https:\/\/azelec.be\/en\/wp-json\/wp\/v2\/types\/post"}],"author":[{"embeddable":true,"href":"https:\/\/azelec.be\/en\/wp-json\/wp\/v2\/users\/2"}],"replies":[{"embeddable":true,"href":"https:\/\/azelec.be\/en\/wp-json\/wp\/v2\/comments?post=3524"}],"version-history":[{"count":0,"href":"https:\/\/azelec.be\/en\/wp-json\/wp\/v2\/posts\/3524\/revisions"}],"wp:featuredmedia":[{"embeddable":true,"href":"https:\/\/azelec.be\/en\/wp-json\/wp\/v2\/media\/3198"}],"wp:attachment":[{"href":"https:\/\/azelec.be\/en\/wp-json\/wp\/v2\/media?parent=3524"}],"wp:term":[{"taxonomy":"category","embeddable":true,"href":"https:\/\/azelec.be\/en\/wp-json\/wp\/v2\/categories?post=3524"},{"taxonomy":"post_tag","embeddable":true,"href":"https:\/\/azelec.be\/en\/wp-json\/wp\/v2\/tags?post=3524"}],"curies":[{"name":"wp","href":"https:\/\/api.w.org\/{rel}","templated":true}]}}