{"id":3513,"date":"2023-06-01T18:57:00","date_gmt":"2023-06-01T16:57:00","guid":{"rendered":"https:\/\/azelec.be\/le-nouveau-rgie-change-a-partir-du-1er-juin-2023\/"},"modified":"2025-01-07T13:03:07","modified_gmt":"2025-01-07T12:03:07","slug":"het-nieuwe-arei-verandert-vanaf-01-06-2023","status":"publish","type":"post","link":"https:\/\/azelec.be\/nl\/het-nieuwe-arei-verandert-vanaf-01-06-2023\/","title":{"rendered":"Het nieuwe AREI verandert vanaf 01\/06\/2023"},"content":{"rendered":"\n\t\t\t<div class=\"container alll-container\">\n\t\t\t\t<div class=\"alll-row row justify-content-center\">\n\t\t\t\t\t<div class=\"alll-rowInner alll-rowInner--general\">\n<h1 class=\"wp-block-heading\">Het <strong>nieuwe AREI<\/strong> verandert vanaf 01\/06\/2023<\/h1>\n<\/div><\/div><\/div>\n\t\t\t<div class=\"container alll-container\">\n\t\t\t\t<div class=\"alll-row row justify-content-center\">\n\t\t\t\t\t<div class=\"alll-rowInner alll-rowInner--general\">\n\n<\/div><\/div><\/div>\n\t\t\t<div class=\"container alll-container\">\n\t\t\t\t<div class=\"alll-row row justify-content-center\">\n\t\t\t\t\t<div class=\"alll-rowInner alll-rowInner--general\">\n<p>Vanaf 1&nbsp;juni&nbsp;2023 zijn een aantal nieuwe regels in het AREI van toepassing, waarvan de meeste betrekking hebben op de huishoudelijke elektrische installaties:<\/p>\n<\/div><\/div><\/div>\n\t\t\t<div class=\"container alll-container\">\n\t\t\t\t<div class=\"alll-row row justify-content-center\">\n\t\t\t\t\t<div class=\"alll-rowInner alll-rowInner--general\">\n\n<\/div><\/div><\/div>\n\t\t\t<div class=\"container alll-container\">\n\t\t\t\t<div class=\"alll-row row justify-content-center\">\n\t\t\t\t\t<div class=\"alll-rowInner alll-rowInner--general\">\n<ul class=\"wp-block-list\">\n\t\t\t<div class=\"container alll-container\">\n\t\t\t\t<div class=\"alll-row row justify-content-center\">\n\t\t\t\t\t<div class=\"alll-rowInner alll-rowInner--general\">\n<li>de gemeenschappelijke delen van een appartementsgebouw worden beschouwd als niet-huishoudelijk, en moeten dus om de 5&nbsp;jaar gekeurd worden.\u2028<\/li>\n<\/div><\/div><\/div>\n\n\n\t\t\t<div class=\"container alll-container\">\n\t\t\t\t<div class=\"alll-row row justify-content-center\">\n\t\t\t\t\t<div class=\"alll-rowInner alll-rowInner--general\">\n<li>de beschermingsmaatregelen bij onrechtstreekse aanraking worden uitgebreid! Naast de algemene differentieelstroombeschermingsinrichting aan het begin van de installatie (min. 40A, max. 300mA) dienen volgende kringen verplicht beveiligd te worden door een ondergeschikte differentieelstroombeschermingsinrichting (max. 30mA):\n\t\t\t<div class=\"container alll-container\">\n\t\t\t\t<div class=\"alll-row row justify-content-center\">\n\t\t\t\t\t<div class=\"alll-rowInner alll-rowInner--general\">\n<ul class=\"wp-block-list\">\n\t\t\t<div class=\"container alll-container\">\n\t\t\t\t<div class=\"alll-row row justify-content-center\">\n\t\t\t\t\t<div class=\"alll-rowInner alll-rowInner--general\">\n<li>de kringen voor bad- en douchekamers.<\/li>\n<\/div><\/div><\/div>\n\n\n\t\t\t<div class=\"container alll-container\">\n\t\t\t\t<div class=\"alll-row row justify-content-center\">\n\t\t\t\t\t<div class=\"alll-rowInner alll-rowInner--general\">\n<li>de kringen voor wasmachines, droogkasten en afwasmachines.<\/li>\n<\/div><\/div><\/div>\n\n\n\t\t\t<div class=\"container alll-container\">\n\t\t\t\t<div class=\"alll-row row justify-content-center\">\n\t\t\t\t\t<div class=\"alll-rowInner alll-rowInner--general\">\n<li>de kringen voor verlichting.<\/li>\n<\/div><\/div><\/div>\n\n\n\t\t\t<div class=\"container alll-container\">\n\t\t\t\t<div class=\"alll-row row justify-content-center\">\n\t\t\t\t\t<div class=\"alll-rowInner alll-rowInner--general\">\n<li>de kringen voor de contactdozen die niet bestemd zijn voor de voeding van vaste of vast opgestelde toestellen.<\/li>\n<\/div><\/div><\/div><\/ul>\n<\/div><\/div><\/div><\/li>\n<\/div><\/div><\/div><\/ul>\n<\/div><\/div><\/div>\n\t\t\t<div class=\"container alll-container\">\n\t\t\t\t<div class=\"alll-row row justify-content-center\">\n\t\t\t\t\t<div class=\"alll-rowInner alll-rowInner--general\">\n\n<\/div><\/div><\/div>\n\t\t\t<div class=\"container alll-container\">\n\t\t\t\t<div class=\"alll-row row justify-content-center\">\n\t\t\t\t\t<div class=\"alll-rowInner alll-rowInner--general\">\n<p>met de bijkomende beperking dat maximaal slechts 8&nbsp;eindstroombanen per bovenvermelde differentieelstroombeschermingsinrichting toegelaten zijn.<\/p>\n<\/div><\/div><\/div>\n\t\t\t<div class=\"container alll-container\">\n\t\t\t\t<div class=\"alll-row row justify-content-center\">\n\t\t\t\t\t<div class=\"alll-rowInner alll-rowInner--general\">\n\n<\/div><\/div><\/div>\n\t\t\t<div class=\"container alll-container\">\n\t\t\t\t<div class=\"alll-row row justify-content-center\">\n\t\t\t\t\t<div class=\"alll-rowInner alll-rowInner--general\">\n<p>Ook voor oude bestaande elektrische installaties, daterend van voor 01\/10\/1981, zijn er een aantal belangrijke wijzigingen op komst:<\/p>\n<\/div><\/div><\/div>\n\t\t\t<div class=\"container alll-container\">\n\t\t\t\t<div class=\"alll-row row justify-content-center\">\n\t\t\t\t\t<div class=\"alll-rowInner alll-rowInner--general\">\n\n<\/div><\/div><\/div>\n\t\t\t<div class=\"container alll-container\">\n\t\t\t\t<div class=\"alll-row row justify-content-center\">\n\t\t\t\t\t<div class=\"alll-rowInner alll-rowInner--general\">\n<ul class=\"wp-block-list\">\n\t\t\t<div class=\"container alll-container\">\n\t\t\t\t<div class=\"alll-row row justify-content-center\">\n\t\t\t\t\t<div class=\"alll-rowInner alll-rowInner--general\">\n<li>differentieelstroombeschermingsinrichtingen van het type&nbsp;AC zijn niet meer toegelaten.<\/li>\n<\/div><\/div><\/div>\n\n\n\t\t\t<div class=\"container alll-container\">\n\t\t\t\t<div class=\"alll-row row justify-content-center\">\n\t\t\t\t\t<div class=\"alll-rowInner alll-rowInner--general\">\n<li>differentieelstroombeschermingsinrichtingen die niet verzegelbaar zijn, zijn niet meer toegelaten.<\/li>\n<\/div><\/div><\/div>\n\n\n\t\t\t<div class=\"container alll-container\">\n\t\t\t\t<div class=\"alll-row row justify-content-center\">\n\t\t\t\t\t<div class=\"alll-rowInner alll-rowInner--general\">\n<li>de contactdozen zonder aardcontact moeten verplicht beveiligd worden door een differentieelstroombeschermingsinrichting van max. 30mA.<\/li>\n<\/div><\/div><\/div>\n\n\n\t\t\t<div class=\"container alll-container\">\n\t\t\t\t<div class=\"alll-row row justify-content-center\">\n\t\t\t\t\t<div class=\"alll-rowInner alll-rowInner--general\">\n<li>de bad- en douchekamers, alsook de wasmachines, droogkasten en afwasmachines moeten verplicht beveiligd worden door een ondergeschikte differentieelstroombeschermingsinrichting van max. 30mA.\u2028<\/li>\n<\/div><\/div><\/div><\/ul>\n<\/div><\/div><\/div>\n\t\t\t<div class=\"container alll-container\">\n\t\t\t\t<div class=\"alll-row row justify-content-center\">\n\t\t\t\t\t<div class=\"alll-rowInner alll-rowInner--general\">\n\n<\/div><\/div><\/div>\n\t\t\t<div class=\"container alll-container\">\n\t\t\t\t<div class=\"alll-row row justify-content-center\">\n\t\t\t\t\t<div class=\"alll-rowInner alll-rowInner--general\">\n<p><\/p>\n<\/div><\/div><\/div>","protected":false},"excerpt":{"rendered":"<p>Het nieuwe AREI verandert vanaf 01\/06\/2023 Vanaf 1&nbsp;juni&nbsp;2023 zijn een aantal nieuwe regels in het AREI van toepassing, waarvan de meeste betrekking hebben op de huishoudelijke elektrische installaties: met de bijkomende beperking dat maximaal slechts 8&nbsp;eindstroombanen per bovenvermelde differentieelstroombeschermingsinrichting toegelaten zijn. Ook voor oude bestaande elektrische installaties, daterend van voor 01\/10\/1981, zijn er een aantal&hellip;&nbsp;<a href=\"https:\/\/azelec.be\/nl\/het-nieuwe-arei-verandert-vanaf-01-06-2023\/\" rel=\"bookmark\">Read More &raquo;<span class=\"screen-reader-text\">Het nieuwe AREI verandert vanaf 01\/06\/2023<\/span><\/a><\/p>\n","protected":false},"author":2,"featured_media":3239,"comment_status":"closed","ping_status":"closed","sticky":false,"template":"","format":"standard","meta":{"_acf_changed":false,"neve_meta_sidebar":"","neve_meta_container":"","neve_meta_enable_content_width":"","neve_meta_content_width":0,"neve_meta_title_alignment":"","neve_meta_author_avatar":"","neve_post_elements_order":"","neve_meta_disable_header":"","neve_meta_disable_footer":"","neve_meta_disable_title":"","neve_meta_reading_time":"","footnotes":""},"categories":[9],"tags":[],"class_list":["post-3513","post","type-post","status-publish","format-standard","has-post-thumbnail","hentry","category-nieuws"],"acf":[],"yoast_head":"<!-- This site is optimized with the Yoast SEO plugin v27.4 - https:\/\/yoast.com\/product\/yoast-seo-wordpress\/ -->\n<title>De nieuwe RGIE voor elektriciteit verandert vanaf 1-06-2023<\/title>\n<meta name=\"description\" content=\"Sinds juni 2023 is de RGIE veranderd: Az\u00e9lec helpt u uw elektrische installaties in overeenstemming te brengen met de nieuwe geldende normen.\" \/>\n<meta name=\"robots\" content=\"index, follow, max-snippet:-1, max-image-preview:large, max-video-preview:-1\" \/>\n<link rel=\"canonical\" href=\"https:\/\/azelec.be\/nl\/het-nieuwe-arei-verandert-vanaf-01-06-2023\/\" \/>\n<meta property=\"og:locale\" content=\"nl_NL\" \/>\n<meta property=\"og:type\" content=\"article\" \/>\n<meta property=\"og:title\" content=\"De nieuwe RGIE voor elektriciteit verandert vanaf 1-06-2023\" \/>\n<meta property=\"og:description\" content=\"Sinds juni 2023 is de RGIE veranderd: Az\u00e9lec helpt u uw elektrische installaties in overeenstemming te brengen met de nieuwe geldende normen.\" \/>\n<meta property=\"og:url\" content=\"https:\/\/azelec.be\/nl\/het-nieuwe-arei-verandert-vanaf-01-06-2023\/\" \/>\n<meta property=\"og:site_name\" content=\"Az\u00e9lec\" \/>\n<meta property=\"article:publisher\" content=\"https:\/\/facebook.com\/pages\/Azlec\/464300780395849\" \/>\n<meta property=\"article:published_time\" content=\"2023-06-01T16:57:00+00:00\" \/>\n<meta property=\"article:modified_time\" content=\"2025-01-07T12:03:07+00:00\" \/>\n<meta property=\"og:image\" content=\"https:\/\/azelec.be\/wp-content\/uploads\/2024\/10\/shutterstock_476140699-scaled.jpg\" \/>\n\t<meta property=\"og:image:width\" content=\"2560\" \/>\n\t<meta property=\"og:image:height\" content=\"1708\" \/>\n\t<meta property=\"og:image:type\" content=\"image\/jpeg\" \/>\n<meta name=\"author\" content=\"Tanguy Fr\u00e9d\u00e9ric\" \/>\n<meta name=\"twitter:card\" content=\"summary_large_image\" \/>\n<meta name=\"twitter:label1\" content=\"Written by\" \/>\n\t<meta name=\"twitter:data1\" content=\"Tanguy Fr\u00e9d\u00e9ric\" \/>\n\t<meta name=\"twitter:label2\" content=\"Est. reading time\" \/>\n\t<meta name=\"twitter:data2\" content=\"2 minutes\" \/>\n<script type=\"application\/ld+json\" class=\"yoast-schema-graph\">{\"@context\":\"https:\\\/\\\/schema.org\",\"@graph\":[{\"@type\":\"Article\",\"@id\":\"https:\\\/\\\/azelec.be\\\/nl\\\/het-nieuwe-arei-verandert-vanaf-01-06-2023\\\/#article\",\"isPartOf\":{\"@id\":\"https:\\\/\\\/azelec.be\\\/nl\\\/het-nieuwe-arei-verandert-vanaf-01-06-2023\\\/\"},\"author\":{\"name\":\"Tanguy Fr\u00e9d\u00e9ric\",\"@id\":\"https:\\\/\\\/azelec.be\\\/nl\\\/#\\\/schema\\\/person\\\/2fda01ea728448fe716bd020155a1535\"},\"headline\":\"Het nieuwe AREI verandert vanaf 01\\\/06\\\/2023\",\"datePublished\":\"2023-06-01T16:57:00+00:00\",\"dateModified\":\"2025-01-07T12:03:07+00:00\",\"mainEntityOfPage\":{\"@id\":\"https:\\\/\\\/azelec.be\\\/nl\\\/het-nieuwe-arei-verandert-vanaf-01-06-2023\\\/\"},\"wordCount\":207,\"publisher\":{\"@id\":\"https:\\\/\\\/azelec.be\\\/nl\\\/#organization\"},\"image\":{\"@id\":\"https:\\\/\\\/azelec.be\\\/nl\\\/het-nieuwe-arei-verandert-vanaf-01-06-2023\\\/#primaryimage\"},\"thumbnailUrl\":\"https:\\\/\\\/azelec.be\\\/wp-content\\\/uploads\\\/2024\\\/10\\\/shutterstock_476140699-scaled.jpg\",\"articleSection\":[\"Nieuws\"],\"inLanguage\":\"nl-NL\"},{\"@type\":\"WebPage\",\"@id\":\"https:\\\/\\\/azelec.be\\\/nl\\\/het-nieuwe-arei-verandert-vanaf-01-06-2023\\\/\",\"url\":\"https:\\\/\\\/azelec.be\\\/nl\\\/het-nieuwe-arei-verandert-vanaf-01-06-2023\\\/\",\"name\":\"De nieuwe RGIE voor elektriciteit verandert vanaf 1-06-2023\",\"isPartOf\":{\"@id\":\"https:\\\/\\\/azelec.be\\\/nl\\\/#website\"},\"primaryImageOfPage\":{\"@id\":\"https:\\\/\\\/azelec.be\\\/nl\\\/het-nieuwe-arei-verandert-vanaf-01-06-2023\\\/#primaryimage\"},\"image\":{\"@id\":\"https:\\\/\\\/azelec.be\\\/nl\\\/het-nieuwe-arei-verandert-vanaf-01-06-2023\\\/#primaryimage\"},\"thumbnailUrl\":\"https:\\\/\\\/azelec.be\\\/wp-content\\\/uploads\\\/2024\\\/10\\\/shutterstock_476140699-scaled.jpg\",\"datePublished\":\"2023-06-01T16:57:00+00:00\",\"dateModified\":\"2025-01-07T12:03:07+00:00\",\"description\":\"Sinds juni 2023 is de RGIE veranderd: Az\u00e9lec helpt u uw elektrische installaties in overeenstemming te brengen met de nieuwe geldende normen.\",\"breadcrumb\":{\"@id\":\"https:\\\/\\\/azelec.be\\\/nl\\\/het-nieuwe-arei-verandert-vanaf-01-06-2023\\\/#breadcrumb\"},\"inLanguage\":\"nl-NL\",\"potentialAction\":[{\"@type\":\"ReadAction\",\"target\":[\"https:\\\/\\\/azelec.be\\\/nl\\\/het-nieuwe-arei-verandert-vanaf-01-06-2023\\\/\"]}]},{\"@type\":\"ImageObject\",\"inLanguage\":\"nl-NL\",\"@id\":\"https:\\\/\\\/azelec.be\\\/nl\\\/het-nieuwe-arei-verandert-vanaf-01-06-2023\\\/#primaryimage\",\"url\":\"https:\\\/\\\/azelec.be\\\/wp-content\\\/uploads\\\/2024\\\/10\\\/shutterstock_476140699-scaled.jpg\",\"contentUrl\":\"https:\\\/\\\/azelec.be\\\/wp-content\\\/uploads\\\/2024\\\/10\\\/shutterstock_476140699-scaled.jpg\",\"width\":2560,\"height\":1708,\"caption\":\"Analyse van het Algemeen Reglement op de elektrische installaties.\"},{\"@type\":\"BreadcrumbList\",\"@id\":\"https:\\\/\\\/azelec.be\\\/nl\\\/het-nieuwe-arei-verandert-vanaf-01-06-2023\\\/#breadcrumb\",\"itemListElement\":[{\"@type\":\"ListItem\",\"position\":1,\"name\":\"Home\",\"item\":\"https:\\\/\\\/azelec.be\\\/nl\\\/\"},{\"@type\":\"ListItem\",\"position\":2,\"name\":\"Het nieuwe AREI verandert vanaf 01\\\/06\\\/2023\"}]},{\"@type\":\"WebSite\",\"@id\":\"https:\\\/\\\/azelec.be\\\/nl\\\/#website\",\"url\":\"https:\\\/\\\/azelec.be\\\/nl\\\/\",\"name\":\"Az\u00e9lec\",\"description\":\"Entreprise g\u00e9n\u00e9rale d&#039;\u00e9lectricit\u00e9 dans le secteur de la construction pour les particuliers et professionnels.\",\"publisher\":{\"@id\":\"https:\\\/\\\/azelec.be\\\/nl\\\/#organization\"},\"potentialAction\":[{\"@type\":\"SearchAction\",\"target\":{\"@type\":\"EntryPoint\",\"urlTemplate\":\"https:\\\/\\\/azelec.be\\\/nl\\\/?s={search_term_string}\"},\"query-input\":{\"@type\":\"PropertyValueSpecification\",\"valueRequired\":true,\"valueName\":\"search_term_string\"}}],\"inLanguage\":\"nl-NL\"},{\"@type\":\"Organization\",\"@id\":\"https:\\\/\\\/azelec.be\\\/nl\\\/#organization\",\"name\":\"Az\u00e9lec\",\"url\":\"https:\\\/\\\/azelec.be\\\/nl\\\/\",\"logo\":{\"@type\":\"ImageObject\",\"inLanguage\":\"nl-NL\",\"@id\":\"https:\\\/\\\/azelec.be\\\/nl\\\/#\\\/schema\\\/logo\\\/image\\\/\",\"url\":\"https:\\\/\\\/azelec.be\\\/wp-content\\\/uploads\\\/2024\\\/07\\\/logo.svg\",\"contentUrl\":\"https:\\\/\\\/azelec.be\\\/wp-content\\\/uploads\\\/2024\\\/07\\\/logo.svg\",\"width\":493,\"height\":86,\"caption\":\"Az\u00e9lec\"},\"image\":{\"@id\":\"https:\\\/\\\/azelec.be\\\/nl\\\/#\\\/schema\\\/logo\\\/image\\\/\"},\"sameAs\":[\"https:\\\/\\\/facebook.com\\\/pages\\\/Azlec\\\/464300780395849\",\"https:\\\/\\\/www.instagram.com\\\/azelec.be\\\/\",\"https:\\\/\\\/www.linkedin.com\\\/company\\\/3338450\",\"https:\\\/\\\/www.youtube.com\\\/channel\\\/UCElmKgi5qzaPSqJ_u3IfvHw\"]},{\"@type\":\"Person\",\"@id\":\"https:\\\/\\\/azelec.be\\\/nl\\\/#\\\/schema\\\/person\\\/2fda01ea728448fe716bd020155a1535\",\"name\":\"Tanguy Fr\u00e9d\u00e9ric\"}]}<\/script>\n<!-- \/ Yoast SEO plugin. -->","yoast_head_json":{"title":"De nieuwe RGIE voor elektriciteit verandert vanaf 1-06-2023","description":"Sinds juni 2023 is de RGIE veranderd: Az\u00e9lec helpt u uw elektrische installaties in overeenstemming te brengen met de nieuwe geldende normen.","robots":{"index":"index","follow":"follow","max-snippet":"max-snippet:-1","max-image-preview":"max-image-preview:large","max-video-preview":"max-video-preview:-1"},"canonical":"https:\/\/azelec.be\/nl\/het-nieuwe-arei-verandert-vanaf-01-06-2023\/","og_locale":"nl_NL","og_type":"article","og_title":"De nieuwe RGIE voor elektriciteit verandert vanaf 1-06-2023","og_description":"Sinds juni 2023 is de RGIE veranderd: Az\u00e9lec helpt u uw elektrische installaties in overeenstemming te brengen met de nieuwe geldende normen.","og_url":"https:\/\/azelec.be\/nl\/het-nieuwe-arei-verandert-vanaf-01-06-2023\/","og_site_name":"Az\u00e9lec","article_publisher":"https:\/\/facebook.com\/pages\/Azlec\/464300780395849","article_published_time":"2023-06-01T16:57:00+00:00","article_modified_time":"2025-01-07T12:03:07+00:00","og_image":[{"width":2560,"height":1708,"url":"https:\/\/azelec.be\/wp-content\/uploads\/2024\/10\/shutterstock_476140699-scaled.jpg","type":"image\/jpeg"}],"author":"Tanguy Fr\u00e9d\u00e9ric","twitter_card":"summary_large_image","twitter_misc":{"Written by":"Tanguy Fr\u00e9d\u00e9ric","Est. reading time":"2 minutes"},"schema":{"@context":"https:\/\/schema.org","@graph":[{"@type":"Article","@id":"https:\/\/azelec.be\/nl\/het-nieuwe-arei-verandert-vanaf-01-06-2023\/#article","isPartOf":{"@id":"https:\/\/azelec.be\/nl\/het-nieuwe-arei-verandert-vanaf-01-06-2023\/"},"author":{"name":"Tanguy Fr\u00e9d\u00e9ric","@id":"https:\/\/azelec.be\/nl\/#\/schema\/person\/2fda01ea728448fe716bd020155a1535"},"headline":"Het nieuwe AREI verandert vanaf 01\/06\/2023","datePublished":"2023-06-01T16:57:00+00:00","dateModified":"2025-01-07T12:03:07+00:00","mainEntityOfPage":{"@id":"https:\/\/azelec.be\/nl\/het-nieuwe-arei-verandert-vanaf-01-06-2023\/"},"wordCount":207,"publisher":{"@id":"https:\/\/azelec.be\/nl\/#organization"},"image":{"@id":"https:\/\/azelec.be\/nl\/het-nieuwe-arei-verandert-vanaf-01-06-2023\/#primaryimage"},"thumbnailUrl":"https:\/\/azelec.be\/wp-content\/uploads\/2024\/10\/shutterstock_476140699-scaled.jpg","articleSection":["Nieuws"],"inLanguage":"nl-NL"},{"@type":"WebPage","@id":"https:\/\/azelec.be\/nl\/het-nieuwe-arei-verandert-vanaf-01-06-2023\/","url":"https:\/\/azelec.be\/nl\/het-nieuwe-arei-verandert-vanaf-01-06-2023\/","name":"De nieuwe RGIE voor elektriciteit verandert vanaf 1-06-2023","isPartOf":{"@id":"https:\/\/azelec.be\/nl\/#website"},"primaryImageOfPage":{"@id":"https:\/\/azelec.be\/nl\/het-nieuwe-arei-verandert-vanaf-01-06-2023\/#primaryimage"},"image":{"@id":"https:\/\/azelec.be\/nl\/het-nieuwe-arei-verandert-vanaf-01-06-2023\/#primaryimage"},"thumbnailUrl":"https:\/\/azelec.be\/wp-content\/uploads\/2024\/10\/shutterstock_476140699-scaled.jpg","datePublished":"2023-06-01T16:57:00+00:00","dateModified":"2025-01-07T12:03:07+00:00","description":"Sinds juni 2023 is de RGIE veranderd: Az\u00e9lec helpt u uw elektrische installaties in overeenstemming te brengen met de nieuwe geldende normen.","breadcrumb":{"@id":"https:\/\/azelec.be\/nl\/het-nieuwe-arei-verandert-vanaf-01-06-2023\/#breadcrumb"},"inLanguage":"nl-NL","potentialAction":[{"@type":"ReadAction","target":["https:\/\/azelec.be\/nl\/het-nieuwe-arei-verandert-vanaf-01-06-2023\/"]}]},{"@type":"ImageObject","inLanguage":"nl-NL","@id":"https:\/\/azelec.be\/nl\/het-nieuwe-arei-verandert-vanaf-01-06-2023\/#primaryimage","url":"https:\/\/azelec.be\/wp-content\/uploads\/2024\/10\/shutterstock_476140699-scaled.jpg","contentUrl":"https:\/\/azelec.be\/wp-content\/uploads\/2024\/10\/shutterstock_476140699-scaled.jpg","width":2560,"height":1708,"caption":"Analyse van het Algemeen Reglement op de elektrische installaties."},{"@type":"BreadcrumbList","@id":"https:\/\/azelec.be\/nl\/het-nieuwe-arei-verandert-vanaf-01-06-2023\/#breadcrumb","itemListElement":[{"@type":"ListItem","position":1,"name":"Home","item":"https:\/\/azelec.be\/nl\/"},{"@type":"ListItem","position":2,"name":"Het nieuwe AREI verandert vanaf 01\/06\/2023"}]},{"@type":"WebSite","@id":"https:\/\/azelec.be\/nl\/#website","url":"https:\/\/azelec.be\/nl\/","name":"Az\u00e9lec","description":"Entreprise g\u00e9n\u00e9rale d&#039;\u00e9lectricit\u00e9 dans le secteur de la construction pour les particuliers et professionnels.","publisher":{"@id":"https:\/\/azelec.be\/nl\/#organization"},"potentialAction":[{"@type":"SearchAction","target":{"@type":"EntryPoint","urlTemplate":"https:\/\/azelec.be\/nl\/?s={search_term_string}"},"query-input":{"@type":"PropertyValueSpecification","valueRequired":true,"valueName":"search_term_string"}}],"inLanguage":"nl-NL"},{"@type":"Organization","@id":"https:\/\/azelec.be\/nl\/#organization","name":"Az\u00e9lec","url":"https:\/\/azelec.be\/nl\/","logo":{"@type":"ImageObject","inLanguage":"nl-NL","@id":"https:\/\/azelec.be\/nl\/#\/schema\/logo\/image\/","url":"https:\/\/azelec.be\/wp-content\/uploads\/2024\/07\/logo.svg","contentUrl":"https:\/\/azelec.be\/wp-content\/uploads\/2024\/07\/logo.svg","width":493,"height":86,"caption":"Az\u00e9lec"},"image":{"@id":"https:\/\/azelec.be\/nl\/#\/schema\/logo\/image\/"},"sameAs":["https:\/\/facebook.com\/pages\/Azlec\/464300780395849","https:\/\/www.instagram.com\/azelec.be\/","https:\/\/www.linkedin.com\/company\/3338450","https:\/\/www.youtube.com\/channel\/UCElmKgi5qzaPSqJ_u3IfvHw"]},{"@type":"Person","@id":"https:\/\/azelec.be\/nl\/#\/schema\/person\/2fda01ea728448fe716bd020155a1535","name":"Tanguy Fr\u00e9d\u00e9ric"}]}},"_links":{"self":[{"href":"https:\/\/azelec.be\/nl\/wp-json\/wp\/v2\/posts\/3513","targetHints":{"allow":["GET"]}}],"collection":[{"href":"https:\/\/azelec.be\/nl\/wp-json\/wp\/v2\/posts"}],"about":[{"href":"https:\/\/azelec.be\/nl\/wp-json\/wp\/v2\/types\/post"}],"author":[{"embeddable":true,"href":"https:\/\/azelec.be\/nl\/wp-json\/wp\/v2\/users\/2"}],"replies":[{"embeddable":true,"href":"https:\/\/azelec.be\/nl\/wp-json\/wp\/v2\/comments?post=3513"}],"version-history":[{"count":0,"href":"https:\/\/azelec.be\/nl\/wp-json\/wp\/v2\/posts\/3513\/revisions"}],"wp:featuredmedia":[{"embeddable":true,"href":"https:\/\/azelec.be\/nl\/wp-json\/wp\/v2\/media\/3239"}],"wp:attachment":[{"href":"https:\/\/azelec.be\/nl\/wp-json\/wp\/v2\/media?parent=3513"}],"wp:term":[{"taxonomy":"category","embeddable":true,"href":"https:\/\/azelec.be\/nl\/wp-json\/wp\/v2\/categories?post=3513"},{"taxonomy":"post_tag","embeddable":true,"href":"https:\/\/azelec.be\/nl\/wp-json\/wp\/v2\/tags?post=3513"}],"curies":[{"name":"wp","href":"https:\/\/api.w.org\/{rel}","templated":true}]}}