{"id":3517,"date":"2016-07-07T08:30:00","date_gmt":"2016-07-07T06:30:00","guid":{"rendered":"https:\/\/azelec.be\/voici-la-nouvelle-identite-visuelle-de-azelec\/"},"modified":"2025-01-07T13:08:56","modified_gmt":"2025-01-07T12:08:56","slug":"de-nieuwe-visuele-identitiet-van-azelec","status":"publish","type":"post","link":"https:\/\/azelec.be\/nl\/de-nieuwe-visuele-identitiet-van-azelec\/","title":{"rendered":"De nieuwe visuele identiteit van Az\u00e9lec\u00a0"},"content":{"rendered":"\n\t\t\t<div class=\"container alll-container\">\n\t\t\t\t<div class=\"alll-row row justify-content-center\">\n\t\t\t\t\t<div class=\"alll-rowInner alll-rowInner--general\">\n<h1 class=\"wp-block-heading\">De nieuwe visuele identitiet van <strong>Az\u00e9lec<\/strong><\/h1>\n<\/div><\/div><\/div>\n\t\t\t<div class=\"container alll-container\">\n\t\t\t\t<div class=\"alll-row row justify-content-center\">\n\t\t\t\t\t<div class=\"alll-rowInner alll-rowInner--general\">\n\n<\/div><\/div><\/div>\n\t\t\t<div class=\"container alll-container\">\n\t\t\t\t<div class=\"alll-row row justify-content-center\">\n\t\t\t\t\t<div class=\"alll-rowInner alll-rowInner--general\">\n<p>Het hele Az\u00e9lec-team is verheugd de nieuwe belettering van onze voertuigen aan u voor te stellen: dynamischer en actueler dan ons vorige logo, met de nadruk op onze wens om nog dichter bij onze klanten te staan.<\/p>\n<\/div><\/div><\/div>\n\t\t\t<div class=\"container alll-container\">\n\t\t\t\t<div class=\"alll-row row justify-content-center\">\n\t\t\t\t\t<div class=\"alll-rowInner alll-rowInner--general\">\n\n<\/div><\/div><\/div>\n\t\t\t<div class=\"container alll-container\">\n\t\t\t\t<div class=\"alll-row row justify-content-center\">\n\t\t\t\t\t<div class=\"alll-rowInner alll-rowInner--general\">\n<p>Dit is slechts een deel van onze nieuwe visuele identiteit, aangezien onze rebranding ook het volledige grafische charter van al onze commerci\u00eble documenten omvat.<\/p>\n<\/div><\/div><\/div>\n\t\t\t<div class=\"container alll-container\">\n\t\t\t\t<div class=\"alll-row row justify-content-center\">\n\t\t\t\t\t<div class=\"alll-rowInner alll-rowInner--general\">\n\n<\/div><\/div><\/div>\n\t\t\t<div class=\"container alll-container\">\n\t\t\t\t<div class=\"alll-row row justify-content-center\">\n\t\t\t\t\t<div class=\"alll-rowInner alll-rowInner--general\">\n<p>Onze beslissing om de beeldvorming van Az\u00e9lec te herzien, komt voort uit ons nieuwe logo. Het is een essenti\u00eble stap in de ontwikkelingsstrategie van ons bedrijf, waarmee we onze zichtbaarheid en aanwezigheid op de markt van elektrische installaties willen versterken en een sterk, betrouwbaar imago willen uitstralen naar de buitenwereld.<\/p>\n<\/div><\/div><\/div>","protected":false},"excerpt":{"rendered":"<p>De nieuwe visuele identitiet van Az\u00e9lec Het hele Az\u00e9lec-team is verheugd de nieuwe belettering van onze voertuigen aan u voor te stellen: dynamischer en actueler dan ons vorige logo, met de nadruk op onze wens om nog dichter bij onze klanten te staan. Dit is slechts een deel van onze nieuwe visuele identiteit, aangezien onze&hellip;&nbsp;<a href=\"https:\/\/azelec.be\/nl\/de-nieuwe-visuele-identitiet-van-azelec\/\" rel=\"bookmark\">Read More &raquo;<span class=\"screen-reader-text\">De nieuwe visuele identiteit van Az\u00e9lec\u00a0<\/span><\/a><\/p>\n","protected":false},"author":2,"featured_media":3375,"comment_status":"closed","ping_status":"closed","sticky":false,"template":"","format":"standard","meta":{"_acf_changed":false,"neve_meta_sidebar":"","neve_meta_container":"","neve_meta_enable_content_width":"","neve_meta_content_width":0,"neve_meta_title_alignment":"","neve_meta_author_avatar":"","neve_post_elements_order":"","neve_meta_disable_header":"","neve_meta_disable_footer":"","neve_meta_disable_title":"","neve_meta_reading_time":"","footnotes":""},"categories":[9],"tags":[],"class_list":["post-3517","post","type-post","status-publish","format-standard","has-post-thumbnail","hentry","category-nieuws"],"acf":[],"yoast_head":"<!-- This site is optimized with the Yoast SEO plugin v27.4 - https:\/\/yoast.com\/product\/yoast-seo-wordpress\/ -->\n<title>Visuele identiteit van Az\u00e9lec, elektriciteitsspecialist in Brussel<\/title>\n<meta name=\"description\" content=\"Az\u00e9lec onthult zijn nieuwe visuele identiteit, met een moderne uitstraling die zijn toewijding aan kwaliteit en klantnabijheid weerspiegelt.\" \/>\n<meta name=\"robots\" content=\"index, follow, max-snippet:-1, max-image-preview:large, max-video-preview:-1\" \/>\n<link rel=\"canonical\" href=\"https:\/\/azelec.be\/nl\/de-nieuwe-visuele-identitiet-van-azelec\/\" \/>\n<meta property=\"og:locale\" content=\"nl_NL\" \/>\n<meta property=\"og:type\" content=\"article\" \/>\n<meta property=\"og:title\" content=\"Visuele identiteit van Az\u00e9lec, elektriciteitsspecialist in Brussel\" \/>\n<meta property=\"og:description\" content=\"Az\u00e9lec onthult zijn nieuwe visuele identiteit, met een moderne uitstraling die zijn toewijding aan kwaliteit en klantnabijheid weerspiegelt.\" \/>\n<meta property=\"og:url\" content=\"https:\/\/azelec.be\/nl\/de-nieuwe-visuele-identitiet-van-azelec\/\" \/>\n<meta property=\"og:site_name\" content=\"Az\u00e9lec\" \/>\n<meta property=\"article:publisher\" content=\"https:\/\/facebook.com\/pages\/Azlec\/464300780395849\" \/>\n<meta property=\"article:published_time\" content=\"2016-07-07T06:30:00+00:00\" \/>\n<meta property=\"article:modified_time\" content=\"2025-01-07T12:08:56+00:00\" \/>\n<meta property=\"og:image\" content=\"https:\/\/azelec.be\/wp-content\/uploads\/2024\/10\/Vue-laterale-avant.png\" \/>\n\t<meta property=\"og:image:width\" content=\"2500\" \/>\n\t<meta property=\"og:image:height\" content=\"1667\" \/>\n\t<meta property=\"og:image:type\" content=\"image\/png\" \/>\n<meta name=\"author\" content=\"Tanguy Fr\u00e9d\u00e9ric\" \/>\n<meta name=\"twitter:card\" content=\"summary_large_image\" \/>\n<meta name=\"twitter:label1\" content=\"Written by\" \/>\n\t<meta name=\"twitter:data1\" content=\"Tanguy Fr\u00e9d\u00e9ric\" \/>\n\t<meta name=\"twitter:label2\" content=\"Est. reading time\" \/>\n\t<meta name=\"twitter:data2\" content=\"1 minute\" \/>\n<script type=\"application\/ld+json\" class=\"yoast-schema-graph\">{\"@context\":\"https:\\\/\\\/schema.org\",\"@graph\":[{\"@type\":\"Article\",\"@id\":\"https:\\\/\\\/azelec.be\\\/nl\\\/de-nieuwe-visuele-identitiet-van-azelec\\\/#article\",\"isPartOf\":{\"@id\":\"https:\\\/\\\/azelec.be\\\/nl\\\/de-nieuwe-visuele-identitiet-van-azelec\\\/\"},\"author\":{\"name\":\"Tanguy Fr\u00e9d\u00e9ric\",\"@id\":\"https:\\\/\\\/azelec.be\\\/nl\\\/#\\\/schema\\\/person\\\/2fda01ea728448fe716bd020155a1535\"},\"headline\":\"De nieuwe visuele identiteit van Az\u00e9lec\u00a0\",\"datePublished\":\"2016-07-07T06:30:00+00:00\",\"dateModified\":\"2025-01-07T12:08:56+00:00\",\"mainEntityOfPage\":{\"@id\":\"https:\\\/\\\/azelec.be\\\/nl\\\/de-nieuwe-visuele-identitiet-van-azelec\\\/\"},\"wordCount\":129,\"publisher\":{\"@id\":\"https:\\\/\\\/azelec.be\\\/nl\\\/#organization\"},\"image\":{\"@id\":\"https:\\\/\\\/azelec.be\\\/nl\\\/de-nieuwe-visuele-identitiet-van-azelec\\\/#primaryimage\"},\"thumbnailUrl\":\"https:\\\/\\\/azelec.be\\\/wp-content\\\/uploads\\\/2024\\\/10\\\/Vue-laterale-avant.png\",\"articleSection\":[\"Nieuws\"],\"inLanguage\":\"nl-NL\"},{\"@type\":\"WebPage\",\"@id\":\"https:\\\/\\\/azelec.be\\\/nl\\\/de-nieuwe-visuele-identitiet-van-azelec\\\/\",\"url\":\"https:\\\/\\\/azelec.be\\\/nl\\\/de-nieuwe-visuele-identitiet-van-azelec\\\/\",\"name\":\"Visuele identiteit van Az\u00e9lec, elektriciteitsspecialist in Brussel\",\"isPartOf\":{\"@id\":\"https:\\\/\\\/azelec.be\\\/nl\\\/#website\"},\"primaryImageOfPage\":{\"@id\":\"https:\\\/\\\/azelec.be\\\/nl\\\/de-nieuwe-visuele-identitiet-van-azelec\\\/#primaryimage\"},\"image\":{\"@id\":\"https:\\\/\\\/azelec.be\\\/nl\\\/de-nieuwe-visuele-identitiet-van-azelec\\\/#primaryimage\"},\"thumbnailUrl\":\"https:\\\/\\\/azelec.be\\\/wp-content\\\/uploads\\\/2024\\\/10\\\/Vue-laterale-avant.png\",\"datePublished\":\"2016-07-07T06:30:00+00:00\",\"dateModified\":\"2025-01-07T12:08:56+00:00\",\"description\":\"Az\u00e9lec onthult zijn nieuwe visuele identiteit, met een moderne uitstraling die zijn toewijding aan kwaliteit en klantnabijheid weerspiegelt.\",\"breadcrumb\":{\"@id\":\"https:\\\/\\\/azelec.be\\\/nl\\\/de-nieuwe-visuele-identitiet-van-azelec\\\/#breadcrumb\"},\"inLanguage\":\"nl-NL\",\"potentialAction\":[{\"@type\":\"ReadAction\",\"target\":[\"https:\\\/\\\/azelec.be\\\/nl\\\/de-nieuwe-visuele-identitiet-van-azelec\\\/\"]}]},{\"@type\":\"ImageObject\",\"inLanguage\":\"nl-NL\",\"@id\":\"https:\\\/\\\/azelec.be\\\/nl\\\/de-nieuwe-visuele-identitiet-van-azelec\\\/#primaryimage\",\"url\":\"https:\\\/\\\/azelec.be\\\/wp-content\\\/uploads\\\/2024\\\/10\\\/Vue-laterale-avant.png\",\"contentUrl\":\"https:\\\/\\\/azelec.be\\\/wp-content\\\/uploads\\\/2024\\\/10\\\/Vue-laterale-avant.png\",\"width\":2500,\"height\":1667},{\"@type\":\"BreadcrumbList\",\"@id\":\"https:\\\/\\\/azelec.be\\\/nl\\\/de-nieuwe-visuele-identitiet-van-azelec\\\/#breadcrumb\",\"itemListElement\":[{\"@type\":\"ListItem\",\"position\":1,\"name\":\"Home\",\"item\":\"https:\\\/\\\/azelec.be\\\/nl\\\/\"},{\"@type\":\"ListItem\",\"position\":2,\"name\":\"De nieuwe visuele identiteit van Az\u00e9lec\u00a0\"}]},{\"@type\":\"WebSite\",\"@id\":\"https:\\\/\\\/azelec.be\\\/nl\\\/#website\",\"url\":\"https:\\\/\\\/azelec.be\\\/nl\\\/\",\"name\":\"Az\u00e9lec\",\"description\":\"Entreprise g\u00e9n\u00e9rale d&#039;\u00e9lectricit\u00e9 dans le secteur de la construction pour les particuliers et professionnels.\",\"publisher\":{\"@id\":\"https:\\\/\\\/azelec.be\\\/nl\\\/#organization\"},\"potentialAction\":[{\"@type\":\"SearchAction\",\"target\":{\"@type\":\"EntryPoint\",\"urlTemplate\":\"https:\\\/\\\/azelec.be\\\/nl\\\/?s={search_term_string}\"},\"query-input\":{\"@type\":\"PropertyValueSpecification\",\"valueRequired\":true,\"valueName\":\"search_term_string\"}}],\"inLanguage\":\"nl-NL\"},{\"@type\":\"Organization\",\"@id\":\"https:\\\/\\\/azelec.be\\\/nl\\\/#organization\",\"name\":\"Az\u00e9lec\",\"url\":\"https:\\\/\\\/azelec.be\\\/nl\\\/\",\"logo\":{\"@type\":\"ImageObject\",\"inLanguage\":\"nl-NL\",\"@id\":\"https:\\\/\\\/azelec.be\\\/nl\\\/#\\\/schema\\\/logo\\\/image\\\/\",\"url\":\"https:\\\/\\\/azelec.be\\\/wp-content\\\/uploads\\\/2024\\\/07\\\/logo.svg\",\"contentUrl\":\"https:\\\/\\\/azelec.be\\\/wp-content\\\/uploads\\\/2024\\\/07\\\/logo.svg\",\"width\":493,\"height\":86,\"caption\":\"Az\u00e9lec\"},\"image\":{\"@id\":\"https:\\\/\\\/azelec.be\\\/nl\\\/#\\\/schema\\\/logo\\\/image\\\/\"},\"sameAs\":[\"https:\\\/\\\/facebook.com\\\/pages\\\/Azlec\\\/464300780395849\",\"https:\\\/\\\/www.instagram.com\\\/azelec.be\\\/\",\"https:\\\/\\\/www.linkedin.com\\\/company\\\/3338450\",\"https:\\\/\\\/www.youtube.com\\\/channel\\\/UCElmKgi5qzaPSqJ_u3IfvHw\"]},{\"@type\":\"Person\",\"@id\":\"https:\\\/\\\/azelec.be\\\/nl\\\/#\\\/schema\\\/person\\\/2fda01ea728448fe716bd020155a1535\",\"name\":\"Tanguy Fr\u00e9d\u00e9ric\"}]}<\/script>\n<!-- \/ Yoast SEO plugin. -->","yoast_head_json":{"title":"Visuele identiteit van Az\u00e9lec, elektriciteitsspecialist in Brussel","description":"Az\u00e9lec onthult zijn nieuwe visuele identiteit, met een moderne uitstraling die zijn toewijding aan kwaliteit en klantnabijheid weerspiegelt.","robots":{"index":"index","follow":"follow","max-snippet":"max-snippet:-1","max-image-preview":"max-image-preview:large","max-video-preview":"max-video-preview:-1"},"canonical":"https:\/\/azelec.be\/nl\/de-nieuwe-visuele-identitiet-van-azelec\/","og_locale":"nl_NL","og_type":"article","og_title":"Visuele identiteit van Az\u00e9lec, elektriciteitsspecialist in Brussel","og_description":"Az\u00e9lec onthult zijn nieuwe visuele identiteit, met een moderne uitstraling die zijn toewijding aan kwaliteit en klantnabijheid weerspiegelt.","og_url":"https:\/\/azelec.be\/nl\/de-nieuwe-visuele-identitiet-van-azelec\/","og_site_name":"Az\u00e9lec","article_publisher":"https:\/\/facebook.com\/pages\/Azlec\/464300780395849","article_published_time":"2016-07-07T06:30:00+00:00","article_modified_time":"2025-01-07T12:08:56+00:00","og_image":[{"width":2500,"height":1667,"url":"https:\/\/azelec.be\/wp-content\/uploads\/2024\/10\/Vue-laterale-avant.png","type":"image\/png"}],"author":"Tanguy Fr\u00e9d\u00e9ric","twitter_card":"summary_large_image","twitter_misc":{"Written by":"Tanguy Fr\u00e9d\u00e9ric","Est. reading time":"1 minute"},"schema":{"@context":"https:\/\/schema.org","@graph":[{"@type":"Article","@id":"https:\/\/azelec.be\/nl\/de-nieuwe-visuele-identitiet-van-azelec\/#article","isPartOf":{"@id":"https:\/\/azelec.be\/nl\/de-nieuwe-visuele-identitiet-van-azelec\/"},"author":{"name":"Tanguy Fr\u00e9d\u00e9ric","@id":"https:\/\/azelec.be\/nl\/#\/schema\/person\/2fda01ea728448fe716bd020155a1535"},"headline":"De nieuwe visuele identiteit van Az\u00e9lec\u00a0","datePublished":"2016-07-07T06:30:00+00:00","dateModified":"2025-01-07T12:08:56+00:00","mainEntityOfPage":{"@id":"https:\/\/azelec.be\/nl\/de-nieuwe-visuele-identitiet-van-azelec\/"},"wordCount":129,"publisher":{"@id":"https:\/\/azelec.be\/nl\/#organization"},"image":{"@id":"https:\/\/azelec.be\/nl\/de-nieuwe-visuele-identitiet-van-azelec\/#primaryimage"},"thumbnailUrl":"https:\/\/azelec.be\/wp-content\/uploads\/2024\/10\/Vue-laterale-avant.png","articleSection":["Nieuws"],"inLanguage":"nl-NL"},{"@type":"WebPage","@id":"https:\/\/azelec.be\/nl\/de-nieuwe-visuele-identitiet-van-azelec\/","url":"https:\/\/azelec.be\/nl\/de-nieuwe-visuele-identitiet-van-azelec\/","name":"Visuele identiteit van Az\u00e9lec, elektriciteitsspecialist in Brussel","isPartOf":{"@id":"https:\/\/azelec.be\/nl\/#website"},"primaryImageOfPage":{"@id":"https:\/\/azelec.be\/nl\/de-nieuwe-visuele-identitiet-van-azelec\/#primaryimage"},"image":{"@id":"https:\/\/azelec.be\/nl\/de-nieuwe-visuele-identitiet-van-azelec\/#primaryimage"},"thumbnailUrl":"https:\/\/azelec.be\/wp-content\/uploads\/2024\/10\/Vue-laterale-avant.png","datePublished":"2016-07-07T06:30:00+00:00","dateModified":"2025-01-07T12:08:56+00:00","description":"Az\u00e9lec onthult zijn nieuwe visuele identiteit, met een moderne uitstraling die zijn toewijding aan kwaliteit en klantnabijheid weerspiegelt.","breadcrumb":{"@id":"https:\/\/azelec.be\/nl\/de-nieuwe-visuele-identitiet-van-azelec\/#breadcrumb"},"inLanguage":"nl-NL","potentialAction":[{"@type":"ReadAction","target":["https:\/\/azelec.be\/nl\/de-nieuwe-visuele-identitiet-van-azelec\/"]}]},{"@type":"ImageObject","inLanguage":"nl-NL","@id":"https:\/\/azelec.be\/nl\/de-nieuwe-visuele-identitiet-van-azelec\/#primaryimage","url":"https:\/\/azelec.be\/wp-content\/uploads\/2024\/10\/Vue-laterale-avant.png","contentUrl":"https:\/\/azelec.be\/wp-content\/uploads\/2024\/10\/Vue-laterale-avant.png","width":2500,"height":1667},{"@type":"BreadcrumbList","@id":"https:\/\/azelec.be\/nl\/de-nieuwe-visuele-identitiet-van-azelec\/#breadcrumb","itemListElement":[{"@type":"ListItem","position":1,"name":"Home","item":"https:\/\/azelec.be\/nl\/"},{"@type":"ListItem","position":2,"name":"De nieuwe visuele identiteit van Az\u00e9lec\u00a0"}]},{"@type":"WebSite","@id":"https:\/\/azelec.be\/nl\/#website","url":"https:\/\/azelec.be\/nl\/","name":"Az\u00e9lec","description":"Entreprise g\u00e9n\u00e9rale d&#039;\u00e9lectricit\u00e9 dans le secteur de la construction pour les particuliers et professionnels.","publisher":{"@id":"https:\/\/azelec.be\/nl\/#organization"},"potentialAction":[{"@type":"SearchAction","target":{"@type":"EntryPoint","urlTemplate":"https:\/\/azelec.be\/nl\/?s={search_term_string}"},"query-input":{"@type":"PropertyValueSpecification","valueRequired":true,"valueName":"search_term_string"}}],"inLanguage":"nl-NL"},{"@type":"Organization","@id":"https:\/\/azelec.be\/nl\/#organization","name":"Az\u00e9lec","url":"https:\/\/azelec.be\/nl\/","logo":{"@type":"ImageObject","inLanguage":"nl-NL","@id":"https:\/\/azelec.be\/nl\/#\/schema\/logo\/image\/","url":"https:\/\/azelec.be\/wp-content\/uploads\/2024\/07\/logo.svg","contentUrl":"https:\/\/azelec.be\/wp-content\/uploads\/2024\/07\/logo.svg","width":493,"height":86,"caption":"Az\u00e9lec"},"image":{"@id":"https:\/\/azelec.be\/nl\/#\/schema\/logo\/image\/"},"sameAs":["https:\/\/facebook.com\/pages\/Azlec\/464300780395849","https:\/\/www.instagram.com\/azelec.be\/","https:\/\/www.linkedin.com\/company\/3338450","https:\/\/www.youtube.com\/channel\/UCElmKgi5qzaPSqJ_u3IfvHw"]},{"@type":"Person","@id":"https:\/\/azelec.be\/nl\/#\/schema\/person\/2fda01ea728448fe716bd020155a1535","name":"Tanguy Fr\u00e9d\u00e9ric"}]}},"_links":{"self":[{"href":"https:\/\/azelec.be\/nl\/wp-json\/wp\/v2\/posts\/3517","targetHints":{"allow":["GET"]}}],"collection":[{"href":"https:\/\/azelec.be\/nl\/wp-json\/wp\/v2\/posts"}],"about":[{"href":"https:\/\/azelec.be\/nl\/wp-json\/wp\/v2\/types\/post"}],"author":[{"embeddable":true,"href":"https:\/\/azelec.be\/nl\/wp-json\/wp\/v2\/users\/2"}],"replies":[{"embeddable":true,"href":"https:\/\/azelec.be\/nl\/wp-json\/wp\/v2\/comments?post=3517"}],"version-history":[{"count":0,"href":"https:\/\/azelec.be\/nl\/wp-json\/wp\/v2\/posts\/3517\/revisions"}],"wp:featuredmedia":[{"embeddable":true,"href":"https:\/\/azelec.be\/nl\/wp-json\/wp\/v2\/media\/3375"}],"wp:attachment":[{"href":"https:\/\/azelec.be\/nl\/wp-json\/wp\/v2\/media?parent=3517"}],"wp:term":[{"taxonomy":"category","embeddable":true,"href":"https:\/\/azelec.be\/nl\/wp-json\/wp\/v2\/categories?post=3517"},{"taxonomy":"post_tag","embeddable":true,"href":"https:\/\/azelec.be\/nl\/wp-json\/wp\/v2\/tags?post=3517"}],"curies":[{"name":"wp","href":"https:\/\/api.w.org\/{rel}","templated":true}]}}