{"id":3519,"date":"2016-04-23T11:07:00","date_gmt":"2016-04-23T09:07:00","guid":{"rendered":"https:\/\/azelec.be\/construction-dun-nouveau-batiment-pour-azelec\/"},"modified":"2025-01-07T13:10:52","modified_gmt":"2025-01-07T12:10:52","slug":"bouw-van-een-nieuw-gebouw-voor-azelec","status":"publish","type":"post","link":"https:\/\/azelec.be\/nl\/bouw-van-een-nieuw-gebouw-voor-azelec\/","title":{"rendered":"Bouw van een nieuw gebouw voor Az\u00e9lec\u00a0"},"content":{"rendered":"\n\t\t\t<div class=\"container alll-container\">\n\t\t\t\t<div class=\"alll-row row justify-content-center\">\n\t\t\t\t\t<div class=\"alll-rowInner alll-rowInner--general\">\n<h1 class=\"wp-block-heading\">Bouw van een nieuw gebouw voor <strong>Az\u00e9lec<\/strong><\/h1>\n<\/div><\/div><\/div>\n\t\t\t<div class=\"container alll-container\">\n\t\t\t\t<div class=\"alll-row row justify-content-center\">\n\t\t\t\t\t<div class=\"alll-rowInner alll-rowInner--general\">\n\n<\/div><\/div><\/div>\n\t\t\t<div class=\"container alll-container\">\n\t\t\t\t<div class=\"alll-row row justify-content-center\">\n\t\t\t\t\t<div class=\"alll-rowInner alll-rowInner--general\">\n<p>We kondigen met plezier aan dat we een nieuw energiezuinig gebouw zullen bouwen. De graafwerken zijn net begonnen. Deze bouw is een essenti\u00eble stap in de voortdurende expansie van Az\u00e9lec en benadrukt tegelijkertijd ons beleid inzake duurzame ontwikkeling.<\/p>\n<\/div><\/div><\/div>","protected":false},"excerpt":{"rendered":"<p>Bouw van een nieuw gebouw voor Az\u00e9lec We kondigen met plezier aan dat we een nieuw energiezuinig gebouw zullen bouwen. De graafwerken zijn net begonnen. Deze bouw is een essenti\u00eble stap in de voortdurende expansie van Az\u00e9lec en benadrukt tegelijkertijd ons beleid inzake duurzame ontwikkeling.<\/p>\n","protected":false},"author":3,"featured_media":2899,"comment_status":"closed","ping_status":"closed","sticky":false,"template":"","format":"standard","meta":{"_acf_changed":false,"neve_meta_sidebar":"","neve_meta_container":"","neve_meta_enable_content_width":"","neve_meta_content_width":0,"neve_meta_title_alignment":"","neve_meta_author_avatar":"","neve_post_elements_order":"","neve_meta_disable_header":"","neve_meta_disable_footer":"","neve_meta_disable_title":"","neve_meta_reading_time":"","footnotes":""},"categories":[9],"tags":[],"class_list":["post-3519","post","type-post","status-publish","format-standard","has-post-thumbnail","hentry","category-nieuws"],"acf":[],"yoast_head":"<!-- This site is optimized with the Yoast SEO plugin v27.4 - https:\/\/yoast.com\/product\/yoast-seo-wordpress\/ -->\n<title>Bouw van een nieuw gebouw voor Az\u00e9lec, elektriciteitsspecialist<\/title>\n<meta name=\"description\" content=\"Az\u00e9lec bouwt een energiezuinig gebouw in de buurt van Brussel en onderstreept daarmee zijn engagement voor duurzame ontwikkeling en groei.\" \/>\n<meta name=\"robots\" content=\"index, follow, max-snippet:-1, max-image-preview:large, max-video-preview:-1\" \/>\n<link rel=\"canonical\" href=\"https:\/\/azelec.be\/nl\/bouw-van-een-nieuw-gebouw-voor-azelec\/\" \/>\n<meta property=\"og:locale\" content=\"nl_NL\" \/>\n<meta property=\"og:type\" content=\"article\" \/>\n<meta property=\"og:title\" content=\"Bouw van een nieuw gebouw voor Az\u00e9lec, elektriciteitsspecialist\" \/>\n<meta property=\"og:description\" content=\"Az\u00e9lec bouwt een energiezuinig gebouw in de buurt van Brussel en onderstreept daarmee zijn engagement voor duurzame ontwikkeling en groei.\" \/>\n<meta property=\"og:url\" content=\"https:\/\/azelec.be\/nl\/bouw-van-een-nieuw-gebouw-voor-azelec\/\" \/>\n<meta property=\"og:site_name\" content=\"Az\u00e9lec\" \/>\n<meta property=\"article:publisher\" content=\"https:\/\/facebook.com\/pages\/Azlec\/464300780395849\" \/>\n<meta property=\"article:published_time\" content=\"2016-04-23T09:07:00+00:00\" \/>\n<meta property=\"article:modified_time\" content=\"2025-01-07T12:10:52+00:00\" \/>\n<meta property=\"og:image\" content=\"https:\/\/azelec.be\/wp-content\/uploads\/2024\/09\/Image-5-scaled.jpg\" \/>\n\t<meta property=\"og:image:width\" content=\"2560\" \/>\n\t<meta property=\"og:image:height\" content=\"1714\" \/>\n\t<meta property=\"og:image:type\" content=\"image\/jpeg\" \/>\n<meta name=\"author\" content=\"Admin Az\u00e9lec\" \/>\n<meta name=\"twitter:card\" content=\"summary_large_image\" \/>\n<meta name=\"twitter:label1\" content=\"Written by\" \/>\n\t<meta name=\"twitter:data1\" content=\"Admin Az\u00e9lec\" \/>\n\t<meta name=\"twitter:label2\" content=\"Est. reading time\" \/>\n\t<meta name=\"twitter:data2\" content=\"1 minute\" \/>\n<script type=\"application\/ld+json\" class=\"yoast-schema-graph\">{\"@context\":\"https:\\\/\\\/schema.org\",\"@graph\":[{\"@type\":\"Article\",\"@id\":\"https:\\\/\\\/azelec.be\\\/nl\\\/bouw-van-een-nieuw-gebouw-voor-azelec\\\/#article\",\"isPartOf\":{\"@id\":\"https:\\\/\\\/azelec.be\\\/nl\\\/bouw-van-een-nieuw-gebouw-voor-azelec\\\/\"},\"author\":{\"name\":\"Admin Az\u00e9lec\",\"@id\":\"https:\\\/\\\/azelec.be\\\/nl\\\/#\\\/schema\\\/person\\\/756d789b7ca538bf0f01af21453f9156\"},\"headline\":\"Bouw van een nieuw gebouw voor Az\u00e9lec\u00a0\",\"datePublished\":\"2016-04-23T09:07:00+00:00\",\"dateModified\":\"2025-01-07T12:10:52+00:00\",\"mainEntityOfPage\":{\"@id\":\"https:\\\/\\\/azelec.be\\\/nl\\\/bouw-van-een-nieuw-gebouw-voor-azelec\\\/\"},\"wordCount\":56,\"publisher\":{\"@id\":\"https:\\\/\\\/azelec.be\\\/nl\\\/#organization\"},\"image\":{\"@id\":\"https:\\\/\\\/azelec.be\\\/nl\\\/bouw-van-een-nieuw-gebouw-voor-azelec\\\/#primaryimage\"},\"thumbnailUrl\":\"https:\\\/\\\/azelec.be\\\/wp-content\\\/uploads\\\/2024\\\/09\\\/Image-5-scaled.jpg\",\"articleSection\":[\"Nieuws\"],\"inLanguage\":\"nl-NL\"},{\"@type\":\"WebPage\",\"@id\":\"https:\\\/\\\/azelec.be\\\/nl\\\/bouw-van-een-nieuw-gebouw-voor-azelec\\\/\",\"url\":\"https:\\\/\\\/azelec.be\\\/nl\\\/bouw-van-een-nieuw-gebouw-voor-azelec\\\/\",\"name\":\"Bouw van een nieuw gebouw voor Az\u00e9lec, elektriciteitsspecialist\",\"isPartOf\":{\"@id\":\"https:\\\/\\\/azelec.be\\\/nl\\\/#website\"},\"primaryImageOfPage\":{\"@id\":\"https:\\\/\\\/azelec.be\\\/nl\\\/bouw-van-een-nieuw-gebouw-voor-azelec\\\/#primaryimage\"},\"image\":{\"@id\":\"https:\\\/\\\/azelec.be\\\/nl\\\/bouw-van-een-nieuw-gebouw-voor-azelec\\\/#primaryimage\"},\"thumbnailUrl\":\"https:\\\/\\\/azelec.be\\\/wp-content\\\/uploads\\\/2024\\\/09\\\/Image-5-scaled.jpg\",\"datePublished\":\"2016-04-23T09:07:00+00:00\",\"dateModified\":\"2025-01-07T12:10:52+00:00\",\"description\":\"Az\u00e9lec bouwt een energiezuinig gebouw in de buurt van Brussel en onderstreept daarmee zijn engagement voor duurzame ontwikkeling en groei.\",\"breadcrumb\":{\"@id\":\"https:\\\/\\\/azelec.be\\\/nl\\\/bouw-van-een-nieuw-gebouw-voor-azelec\\\/#breadcrumb\"},\"inLanguage\":\"nl-NL\",\"potentialAction\":[{\"@type\":\"ReadAction\",\"target\":[\"https:\\\/\\\/azelec.be\\\/nl\\\/bouw-van-een-nieuw-gebouw-voor-azelec\\\/\"]}]},{\"@type\":\"ImageObject\",\"inLanguage\":\"nl-NL\",\"@id\":\"https:\\\/\\\/azelec.be\\\/nl\\\/bouw-van-een-nieuw-gebouw-voor-azelec\\\/#primaryimage\",\"url\":\"https:\\\/\\\/azelec.be\\\/wp-content\\\/uploads\\\/2024\\\/09\\\/Image-5-scaled.jpg\",\"contentUrl\":\"https:\\\/\\\/azelec.be\\\/wp-content\\\/uploads\\\/2024\\\/09\\\/Image-5-scaled.jpg\",\"width\":2560,\"height\":1714},{\"@type\":\"BreadcrumbList\",\"@id\":\"https:\\\/\\\/azelec.be\\\/nl\\\/bouw-van-een-nieuw-gebouw-voor-azelec\\\/#breadcrumb\",\"itemListElement\":[{\"@type\":\"ListItem\",\"position\":1,\"name\":\"Home\",\"item\":\"https:\\\/\\\/azelec.be\\\/nl\\\/\"},{\"@type\":\"ListItem\",\"position\":2,\"name\":\"Bouw van een nieuw gebouw voor Az\u00e9lec\u00a0\"}]},{\"@type\":\"WebSite\",\"@id\":\"https:\\\/\\\/azelec.be\\\/nl\\\/#website\",\"url\":\"https:\\\/\\\/azelec.be\\\/nl\\\/\",\"name\":\"Az\u00e9lec\",\"description\":\"Entreprise g\u00e9n\u00e9rale d&#039;\u00e9lectricit\u00e9 dans le secteur de la construction pour les particuliers et professionnels.\",\"publisher\":{\"@id\":\"https:\\\/\\\/azelec.be\\\/nl\\\/#organization\"},\"potentialAction\":[{\"@type\":\"SearchAction\",\"target\":{\"@type\":\"EntryPoint\",\"urlTemplate\":\"https:\\\/\\\/azelec.be\\\/nl\\\/?s={search_term_string}\"},\"query-input\":{\"@type\":\"PropertyValueSpecification\",\"valueRequired\":true,\"valueName\":\"search_term_string\"}}],\"inLanguage\":\"nl-NL\"},{\"@type\":\"Organization\",\"@id\":\"https:\\\/\\\/azelec.be\\\/nl\\\/#organization\",\"name\":\"Az\u00e9lec\",\"url\":\"https:\\\/\\\/azelec.be\\\/nl\\\/\",\"logo\":{\"@type\":\"ImageObject\",\"inLanguage\":\"nl-NL\",\"@id\":\"https:\\\/\\\/azelec.be\\\/nl\\\/#\\\/schema\\\/logo\\\/image\\\/\",\"url\":\"https:\\\/\\\/azelec.be\\\/wp-content\\\/uploads\\\/2024\\\/07\\\/logo.svg\",\"contentUrl\":\"https:\\\/\\\/azelec.be\\\/wp-content\\\/uploads\\\/2024\\\/07\\\/logo.svg\",\"width\":493,\"height\":86,\"caption\":\"Az\u00e9lec\"},\"image\":{\"@id\":\"https:\\\/\\\/azelec.be\\\/nl\\\/#\\\/schema\\\/logo\\\/image\\\/\"},\"sameAs\":[\"https:\\\/\\\/facebook.com\\\/pages\\\/Azlec\\\/464300780395849\",\"https:\\\/\\\/www.instagram.com\\\/azelec.be\\\/\",\"https:\\\/\\\/www.linkedin.com\\\/company\\\/3338450\",\"https:\\\/\\\/www.youtube.com\\\/channel\\\/UCElmKgi5qzaPSqJ_u3IfvHw\"]},{\"@type\":\"Person\",\"@id\":\"https:\\\/\\\/azelec.be\\\/nl\\\/#\\\/schema\\\/person\\\/756d789b7ca538bf0f01af21453f9156\",\"name\":\"Admin Az\u00e9lec\"}]}<\/script>\n<!-- \/ Yoast SEO plugin. -->","yoast_head_json":{"title":"Bouw van een nieuw gebouw voor Az\u00e9lec, elektriciteitsspecialist","description":"Az\u00e9lec bouwt een energiezuinig gebouw in de buurt van Brussel en onderstreept daarmee zijn engagement voor duurzame ontwikkeling en groei.","robots":{"index":"index","follow":"follow","max-snippet":"max-snippet:-1","max-image-preview":"max-image-preview:large","max-video-preview":"max-video-preview:-1"},"canonical":"https:\/\/azelec.be\/nl\/bouw-van-een-nieuw-gebouw-voor-azelec\/","og_locale":"nl_NL","og_type":"article","og_title":"Bouw van een nieuw gebouw voor Az\u00e9lec, elektriciteitsspecialist","og_description":"Az\u00e9lec bouwt een energiezuinig gebouw in de buurt van Brussel en onderstreept daarmee zijn engagement voor duurzame ontwikkeling en groei.","og_url":"https:\/\/azelec.be\/nl\/bouw-van-een-nieuw-gebouw-voor-azelec\/","og_site_name":"Az\u00e9lec","article_publisher":"https:\/\/facebook.com\/pages\/Azlec\/464300780395849","article_published_time":"2016-04-23T09:07:00+00:00","article_modified_time":"2025-01-07T12:10:52+00:00","og_image":[{"width":2560,"height":1714,"url":"https:\/\/azelec.be\/wp-content\/uploads\/2024\/09\/Image-5-scaled.jpg","type":"image\/jpeg"}],"author":"Admin Az\u00e9lec","twitter_card":"summary_large_image","twitter_misc":{"Written by":"Admin Az\u00e9lec","Est. reading time":"1 minute"},"schema":{"@context":"https:\/\/schema.org","@graph":[{"@type":"Article","@id":"https:\/\/azelec.be\/nl\/bouw-van-een-nieuw-gebouw-voor-azelec\/#article","isPartOf":{"@id":"https:\/\/azelec.be\/nl\/bouw-van-een-nieuw-gebouw-voor-azelec\/"},"author":{"name":"Admin Az\u00e9lec","@id":"https:\/\/azelec.be\/nl\/#\/schema\/person\/756d789b7ca538bf0f01af21453f9156"},"headline":"Bouw van een nieuw gebouw voor Az\u00e9lec\u00a0","datePublished":"2016-04-23T09:07:00+00:00","dateModified":"2025-01-07T12:10:52+00:00","mainEntityOfPage":{"@id":"https:\/\/azelec.be\/nl\/bouw-van-een-nieuw-gebouw-voor-azelec\/"},"wordCount":56,"publisher":{"@id":"https:\/\/azelec.be\/nl\/#organization"},"image":{"@id":"https:\/\/azelec.be\/nl\/bouw-van-een-nieuw-gebouw-voor-azelec\/#primaryimage"},"thumbnailUrl":"https:\/\/azelec.be\/wp-content\/uploads\/2024\/09\/Image-5-scaled.jpg","articleSection":["Nieuws"],"inLanguage":"nl-NL"},{"@type":"WebPage","@id":"https:\/\/azelec.be\/nl\/bouw-van-een-nieuw-gebouw-voor-azelec\/","url":"https:\/\/azelec.be\/nl\/bouw-van-een-nieuw-gebouw-voor-azelec\/","name":"Bouw van een nieuw gebouw voor Az\u00e9lec, elektriciteitsspecialist","isPartOf":{"@id":"https:\/\/azelec.be\/nl\/#website"},"primaryImageOfPage":{"@id":"https:\/\/azelec.be\/nl\/bouw-van-een-nieuw-gebouw-voor-azelec\/#primaryimage"},"image":{"@id":"https:\/\/azelec.be\/nl\/bouw-van-een-nieuw-gebouw-voor-azelec\/#primaryimage"},"thumbnailUrl":"https:\/\/azelec.be\/wp-content\/uploads\/2024\/09\/Image-5-scaled.jpg","datePublished":"2016-04-23T09:07:00+00:00","dateModified":"2025-01-07T12:10:52+00:00","description":"Az\u00e9lec bouwt een energiezuinig gebouw in de buurt van Brussel en onderstreept daarmee zijn engagement voor duurzame ontwikkeling en groei.","breadcrumb":{"@id":"https:\/\/azelec.be\/nl\/bouw-van-een-nieuw-gebouw-voor-azelec\/#breadcrumb"},"inLanguage":"nl-NL","potentialAction":[{"@type":"ReadAction","target":["https:\/\/azelec.be\/nl\/bouw-van-een-nieuw-gebouw-voor-azelec\/"]}]},{"@type":"ImageObject","inLanguage":"nl-NL","@id":"https:\/\/azelec.be\/nl\/bouw-van-een-nieuw-gebouw-voor-azelec\/#primaryimage","url":"https:\/\/azelec.be\/wp-content\/uploads\/2024\/09\/Image-5-scaled.jpg","contentUrl":"https:\/\/azelec.be\/wp-content\/uploads\/2024\/09\/Image-5-scaled.jpg","width":2560,"height":1714},{"@type":"BreadcrumbList","@id":"https:\/\/azelec.be\/nl\/bouw-van-een-nieuw-gebouw-voor-azelec\/#breadcrumb","itemListElement":[{"@type":"ListItem","position":1,"name":"Home","item":"https:\/\/azelec.be\/nl\/"},{"@type":"ListItem","position":2,"name":"Bouw van een nieuw gebouw voor Az\u00e9lec\u00a0"}]},{"@type":"WebSite","@id":"https:\/\/azelec.be\/nl\/#website","url":"https:\/\/azelec.be\/nl\/","name":"Az\u00e9lec","description":"Entreprise g\u00e9n\u00e9rale d&#039;\u00e9lectricit\u00e9 dans le secteur de la construction pour les particuliers et professionnels.","publisher":{"@id":"https:\/\/azelec.be\/nl\/#organization"},"potentialAction":[{"@type":"SearchAction","target":{"@type":"EntryPoint","urlTemplate":"https:\/\/azelec.be\/nl\/?s={search_term_string}"},"query-input":{"@type":"PropertyValueSpecification","valueRequired":true,"valueName":"search_term_string"}}],"inLanguage":"nl-NL"},{"@type":"Organization","@id":"https:\/\/azelec.be\/nl\/#organization","name":"Az\u00e9lec","url":"https:\/\/azelec.be\/nl\/","logo":{"@type":"ImageObject","inLanguage":"nl-NL","@id":"https:\/\/azelec.be\/nl\/#\/schema\/logo\/image\/","url":"https:\/\/azelec.be\/wp-content\/uploads\/2024\/07\/logo.svg","contentUrl":"https:\/\/azelec.be\/wp-content\/uploads\/2024\/07\/logo.svg","width":493,"height":86,"caption":"Az\u00e9lec"},"image":{"@id":"https:\/\/azelec.be\/nl\/#\/schema\/logo\/image\/"},"sameAs":["https:\/\/facebook.com\/pages\/Azlec\/464300780395849","https:\/\/www.instagram.com\/azelec.be\/","https:\/\/www.linkedin.com\/company\/3338450","https:\/\/www.youtube.com\/channel\/UCElmKgi5qzaPSqJ_u3IfvHw"]},{"@type":"Person","@id":"https:\/\/azelec.be\/nl\/#\/schema\/person\/756d789b7ca538bf0f01af21453f9156","name":"Admin Az\u00e9lec"}]}},"_links":{"self":[{"href":"https:\/\/azelec.be\/nl\/wp-json\/wp\/v2\/posts\/3519","targetHints":{"allow":["GET"]}}],"collection":[{"href":"https:\/\/azelec.be\/nl\/wp-json\/wp\/v2\/posts"}],"about":[{"href":"https:\/\/azelec.be\/nl\/wp-json\/wp\/v2\/types\/post"}],"author":[{"embeddable":true,"href":"https:\/\/azelec.be\/nl\/wp-json\/wp\/v2\/users\/3"}],"replies":[{"embeddable":true,"href":"https:\/\/azelec.be\/nl\/wp-json\/wp\/v2\/comments?post=3519"}],"version-history":[{"count":0,"href":"https:\/\/azelec.be\/nl\/wp-json\/wp\/v2\/posts\/3519\/revisions"}],"wp:featuredmedia":[{"embeddable":true,"href":"https:\/\/azelec.be\/nl\/wp-json\/wp\/v2\/media\/2899"}],"wp:attachment":[{"href":"https:\/\/azelec.be\/nl\/wp-json\/wp\/v2\/media?parent=3519"}],"wp:term":[{"taxonomy":"category","embeddable":true,"href":"https:\/\/azelec.be\/nl\/wp-json\/wp\/v2\/categories?post=3519"},{"taxonomy":"post_tag","embeddable":true,"href":"https:\/\/azelec.be\/nl\/wp-json\/wp\/v2\/tags?post=3519"}],"curies":[{"name":"wp","href":"https:\/\/api.w.org\/{rel}","templated":true}]}}