{"id":3521,"date":"2015-07-24T09:16:00","date_gmt":"2015-07-24T07:16:00","guid":{"rendered":"https:\/\/azelec.be\/azelec-fait-desormais-partie-des-entreprises-du-secteur-de-la-construction-labellisees-qualitypro\/"},"modified":"2025-01-07T13:13:11","modified_gmt":"2025-01-07T12:13:11","slug":"azelec-is-nu-een-van-de-bedrijven-die-het-quality-pro-label-hebben","status":"publish","type":"post","link":"https:\/\/azelec.be\/nl\/azelec-is-nu-een-van-de-bedrijven-die-het-quality-pro-label-hebben\/","title":{"rendered":"Az\u00e9lec is trots om te melden dat wij nu het QualityPRO-label hebben ontvangen!"},"content":{"rendered":"\n\t\t\t<div class=\"container alll-container\">\n\t\t\t\t<div class=\"alll-row row justify-content-center\">\n\t\t\t\t\t<div class=\"alll-rowInner alll-rowInner--general\">\n<h1 class=\"wp-block-heading\"><strong>Az\u00e9lec<\/strong> is trots om te melden dat wij nu het <strong>QualityPRO<\/strong>-label hebben ontvangen!<\/h1>\n<\/div><\/div><\/div>\n\t\t\t<div class=\"container alll-container\">\n\t\t\t\t<div class=\"alll-row row justify-content-center\">\n\t\t\t\t\t<div class=\"alll-rowInner alll-rowInner--general\">\n\n<\/div><\/div><\/div>\n\t\t\t<div class=\"container alll-container\">\n\t\t\t\t<div class=\"alll-row row justify-content-center\">\n\t\t\t\t\t<div class=\"alll-rowInner alll-rowInner--general\">\n<p>Ons team is verheugd deze erkenning te mogen aankondigen.\u00a0<\/p>\n<\/div><\/div><\/div>\n\t\t\t<div class=\"container alll-container\">\n\t\t\t\t<div class=\"alll-row row justify-content-center\">\n\t\t\t\t\t<div class=\"alll-rowInner alll-rowInner--general\">\n\n<\/div><\/div><\/div>\n\t\t\t<div class=\"container alll-container\">\n\t\t\t\t<div class=\"alll-row row justify-content-center\">\n\t\t\t\t\t<div class=\"alll-rowInner alll-rowInner--general\">\n<p>Het QualityPRO-label beloont de kwaliteit van de dienstverlening en is speciaal gericht op bedrijven in de bouw- en renovatiesector. Dit label is voor bedrijven die klanttevredenheid als prioriteit beschouwen en overtuigd zijn dat het nastreven van kwaliteit de sleutel tot succes is.<\/p>\n<\/div><\/div><\/div>\n\t\t\t<div class=\"container alll-container\">\n\t\t\t\t<div class=\"alll-row row justify-content-center\">\n\t\t\t\t\t<div class=\"alll-rowInner alll-rowInner--general\">\n\n<\/div><\/div><\/div>\n\t\t\t<div class=\"container alll-container\">\n\t\t\t\t<div class=\"alll-row row justify-content-center\">\n\t\t\t\t\t<div class=\"alll-rowInner alll-rowInner--general\">\n<figure class=\"wp-block-image size-large is-resized\"><img decoding=\"async\" width=\"1004\" height=\"1024\" src=\"https:\/\/azelec.be\/wp-content\/uploads\/2024\/10\/Capture-decran-2024-10-24-a-09.21.57-1004x1024.png\" alt=\"\" class=\"wp-image-2324\" style=\"width:238px;height:auto\" srcset=\"https:\/\/azelec.be\/wp-content\/uploads\/2024\/10\/Capture-decran-2024-10-24-a-09.21.57-1004x1024.png 1004w, https:\/\/azelec.be\/wp-content\/uploads\/2024\/10\/Capture-decran-2024-10-24-a-09.21.57-294x300.png 294w, https:\/\/azelec.be\/wp-content\/uploads\/2024\/10\/Capture-decran-2024-10-24-a-09.21.57-768x784.png 768w, https:\/\/azelec.be\/wp-content\/uploads\/2024\/10\/Capture-decran-2024-10-24-a-09.21.57-1505x1536.png 1505w, https:\/\/azelec.be\/wp-content\/uploads\/2024\/10\/Capture-decran-2024-10-24-a-09.21.57-780x796.png 780w, https:\/\/azelec.be\/wp-content\/uploads\/2024\/10\/Capture-decran-2024-10-24-a-09.21.57.png 1572w\" sizes=\"(max-width: 1004px) 100vw, 1004px\" \/><\/figure>\n<\/div><\/div><\/div>\n\t\t\t<div class=\"container alll-container\">\n\t\t\t\t<div class=\"alll-row row justify-content-center\">\n\t\t\t\t\t<div class=\"alll-rowInner alll-rowInner--general\">\n\n<\/div><\/div><\/div>\n\t\t\t<div class=\"container alll-container\">\n\t\t\t\t<div class=\"alll-row row justify-content-center\">\n\t\t\t\t\t<div class=\"alll-rowInner alll-rowInner--general\">\n<p><\/p>\n<\/div><\/div><\/div>","protected":false},"excerpt":{"rendered":"<p>Az\u00e9lec is trots om te melden dat wij nu het QualityPRO-label hebben ontvangen! Ons team is verheugd deze erkenning te mogen aankondigen.\u00a0 Het QualityPRO-label beloont de kwaliteit van de dienstverlening en is speciaal gericht op bedrijven in de bouw- en renovatiesector. Dit label is voor bedrijven die klanttevredenheid als prioriteit beschouwen en overtuigd zijn dat&hellip;&nbsp;<a href=\"https:\/\/azelec.be\/nl\/azelec-is-nu-een-van-de-bedrijven-die-het-quality-pro-label-hebben\/\" rel=\"bookmark\">Read More &raquo;<span class=\"screen-reader-text\">Az\u00e9lec is trots om te melden dat wij nu het QualityPRO-label hebben ontvangen!<\/span><\/a><\/p>\n","protected":false},"author":2,"featured_media":3079,"comment_status":"closed","ping_status":"closed","sticky":false,"template":"","format":"standard","meta":{"_acf_changed":false,"neve_meta_sidebar":"","neve_meta_container":"","neve_meta_enable_content_width":"","neve_meta_content_width":0,"neve_meta_title_alignment":"","neve_meta_author_avatar":"","neve_post_elements_order":"","neve_meta_disable_header":"","neve_meta_disable_footer":"","neve_meta_disable_title":"","neve_meta_reading_time":"","footnotes":""},"categories":[9],"tags":[],"class_list":["post-3521","post","type-post","status-publish","format-standard","has-post-thumbnail","hentry","category-nieuws"],"acf":[],"yoast_head":"<!-- This site is optimized with the Yoast SEO plugin v27.4 - https:\/\/yoast.com\/product\/yoast-seo-wordpress\/ -->\n<title>Az\u00e9lec verkrijgt het Qualitypro-label in de bouwsector<\/title>\n<meta name=\"description\" content=\"Az\u00e9lec is QualityPRO gecertificeerd en garandeert de kwaliteit van haar dienstverlening in bouw en renovatie.\" \/>\n<meta name=\"robots\" content=\"index, follow, max-snippet:-1, max-image-preview:large, max-video-preview:-1\" \/>\n<link rel=\"canonical\" href=\"https:\/\/azelec.be\/nl\/azelec-is-nu-een-van-de-bedrijven-die-het-quality-pro-label-hebben\/\" \/>\n<meta property=\"og:locale\" content=\"nl_NL\" \/>\n<meta property=\"og:type\" content=\"article\" \/>\n<meta property=\"og:title\" content=\"Az\u00e9lec verkrijgt het Qualitypro-label in de bouwsector\" \/>\n<meta property=\"og:description\" content=\"Az\u00e9lec is QualityPRO gecertificeerd en garandeert de kwaliteit van haar dienstverlening in bouw en renovatie.\" \/>\n<meta property=\"og:url\" content=\"https:\/\/azelec.be\/nl\/azelec-is-nu-een-van-de-bedrijven-die-het-quality-pro-label-hebben\/\" \/>\n<meta property=\"og:site_name\" content=\"Az\u00e9lec\" \/>\n<meta property=\"article:publisher\" content=\"https:\/\/facebook.com\/pages\/Azlec\/464300780395849\" \/>\n<meta property=\"article:published_time\" content=\"2015-07-24T07:16:00+00:00\" \/>\n<meta property=\"article:modified_time\" content=\"2025-01-07T12:13:11+00:00\" \/>\n<meta property=\"og:image\" content=\"https:\/\/azelec.be\/wp-content\/uploads\/2024\/09\/shutterstock_149893565-scaled.jpg\" \/>\n\t<meta property=\"og:image:width\" content=\"2560\" \/>\n\t<meta property=\"og:image:height\" content=\"1709\" \/>\n\t<meta property=\"og:image:type\" content=\"image\/jpeg\" \/>\n<meta name=\"author\" content=\"Tanguy Fr\u00e9d\u00e9ric\" \/>\n<meta name=\"twitter:card\" content=\"summary_large_image\" \/>\n<meta name=\"twitter:label1\" content=\"Written by\" \/>\n\t<meta name=\"twitter:data1\" content=\"Tanguy Fr\u00e9d\u00e9ric\" \/>\n\t<meta name=\"twitter:label2\" content=\"Est. reading time\" \/>\n\t<meta name=\"twitter:data2\" content=\"1 minute\" \/>\n<script type=\"application\/ld+json\" class=\"yoast-schema-graph\">{\"@context\":\"https:\\\/\\\/schema.org\",\"@graph\":[{\"@type\":\"Article\",\"@id\":\"https:\\\/\\\/azelec.be\\\/nl\\\/azelec-is-nu-een-van-de-bedrijven-die-het-quality-pro-label-hebben\\\/#article\",\"isPartOf\":{\"@id\":\"https:\\\/\\\/azelec.be\\\/nl\\\/azelec-is-nu-een-van-de-bedrijven-die-het-quality-pro-label-hebben\\\/\"},\"author\":{\"name\":\"Tanguy Fr\u00e9d\u00e9ric\",\"@id\":\"https:\\\/\\\/azelec.be\\\/nl\\\/#\\\/schema\\\/person\\\/2fda01ea728448fe716bd020155a1535\"},\"headline\":\"Az\u00e9lec is trots om te melden dat wij nu het QualityPRO-label hebben ontvangen!\",\"datePublished\":\"2015-07-24T07:16:00+00:00\",\"dateModified\":\"2025-01-07T12:13:11+00:00\",\"mainEntityOfPage\":{\"@id\":\"https:\\\/\\\/azelec.be\\\/nl\\\/azelec-is-nu-een-van-de-bedrijven-die-het-quality-pro-label-hebben\\\/\"},\"wordCount\":79,\"publisher\":{\"@id\":\"https:\\\/\\\/azelec.be\\\/nl\\\/#organization\"},\"image\":{\"@id\":\"https:\\\/\\\/azelec.be\\\/nl\\\/azelec-is-nu-een-van-de-bedrijven-die-het-quality-pro-label-hebben\\\/#primaryimage\"},\"thumbnailUrl\":\"https:\\\/\\\/azelec.be\\\/wp-content\\\/uploads\\\/2024\\\/09\\\/shutterstock_149893565-scaled.jpg\",\"articleSection\":[\"Nieuws\"],\"inLanguage\":\"nl-NL\"},{\"@type\":\"WebPage\",\"@id\":\"https:\\\/\\\/azelec.be\\\/nl\\\/azelec-is-nu-een-van-de-bedrijven-die-het-quality-pro-label-hebben\\\/\",\"url\":\"https:\\\/\\\/azelec.be\\\/nl\\\/azelec-is-nu-een-van-de-bedrijven-die-het-quality-pro-label-hebben\\\/\",\"name\":\"Az\u00e9lec verkrijgt het Qualitypro-label in de bouwsector\",\"isPartOf\":{\"@id\":\"https:\\\/\\\/azelec.be\\\/nl\\\/#website\"},\"primaryImageOfPage\":{\"@id\":\"https:\\\/\\\/azelec.be\\\/nl\\\/azelec-is-nu-een-van-de-bedrijven-die-het-quality-pro-label-hebben\\\/#primaryimage\"},\"image\":{\"@id\":\"https:\\\/\\\/azelec.be\\\/nl\\\/azelec-is-nu-een-van-de-bedrijven-die-het-quality-pro-label-hebben\\\/#primaryimage\"},\"thumbnailUrl\":\"https:\\\/\\\/azelec.be\\\/wp-content\\\/uploads\\\/2024\\\/09\\\/shutterstock_149893565-scaled.jpg\",\"datePublished\":\"2015-07-24T07:16:00+00:00\",\"dateModified\":\"2025-01-07T12:13:11+00:00\",\"description\":\"Az\u00e9lec is QualityPRO gecertificeerd en garandeert de kwaliteit van haar dienstverlening in bouw en renovatie.\",\"breadcrumb\":{\"@id\":\"https:\\\/\\\/azelec.be\\\/nl\\\/azelec-is-nu-een-van-de-bedrijven-die-het-quality-pro-label-hebben\\\/#breadcrumb\"},\"inLanguage\":\"nl-NL\",\"potentialAction\":[{\"@type\":\"ReadAction\",\"target\":[\"https:\\\/\\\/azelec.be\\\/nl\\\/azelec-is-nu-een-van-de-bedrijven-die-het-quality-pro-label-hebben\\\/\"]}]},{\"@type\":\"ImageObject\",\"inLanguage\":\"nl-NL\",\"@id\":\"https:\\\/\\\/azelec.be\\\/nl\\\/azelec-is-nu-een-van-de-bedrijven-die-het-quality-pro-label-hebben\\\/#primaryimage\",\"url\":\"https:\\\/\\\/azelec.be\\\/wp-content\\\/uploads\\\/2024\\\/09\\\/shutterstock_149893565-scaled.jpg\",\"contentUrl\":\"https:\\\/\\\/azelec.be\\\/wp-content\\\/uploads\\\/2024\\\/09\\\/shutterstock_149893565-scaled.jpg\",\"width\":2560,\"height\":1709},{\"@type\":\"BreadcrumbList\",\"@id\":\"https:\\\/\\\/azelec.be\\\/nl\\\/azelec-is-nu-een-van-de-bedrijven-die-het-quality-pro-label-hebben\\\/#breadcrumb\",\"itemListElement\":[{\"@type\":\"ListItem\",\"position\":1,\"name\":\"Home\",\"item\":\"https:\\\/\\\/azelec.be\\\/nl\\\/\"},{\"@type\":\"ListItem\",\"position\":2,\"name\":\"Az\u00e9lec is trots om te melden dat wij nu het QualityPRO-label hebben ontvangen!\"}]},{\"@type\":\"WebSite\",\"@id\":\"https:\\\/\\\/azelec.be\\\/nl\\\/#website\",\"url\":\"https:\\\/\\\/azelec.be\\\/nl\\\/\",\"name\":\"Az\u00e9lec\",\"description\":\"Entreprise g\u00e9n\u00e9rale d&#039;\u00e9lectricit\u00e9 dans le secteur de la construction pour les particuliers et professionnels.\",\"publisher\":{\"@id\":\"https:\\\/\\\/azelec.be\\\/nl\\\/#organization\"},\"potentialAction\":[{\"@type\":\"SearchAction\",\"target\":{\"@type\":\"EntryPoint\",\"urlTemplate\":\"https:\\\/\\\/azelec.be\\\/nl\\\/?s={search_term_string}\"},\"query-input\":{\"@type\":\"PropertyValueSpecification\",\"valueRequired\":true,\"valueName\":\"search_term_string\"}}],\"inLanguage\":\"nl-NL\"},{\"@type\":\"Organization\",\"@id\":\"https:\\\/\\\/azelec.be\\\/nl\\\/#organization\",\"name\":\"Az\u00e9lec\",\"url\":\"https:\\\/\\\/azelec.be\\\/nl\\\/\",\"logo\":{\"@type\":\"ImageObject\",\"inLanguage\":\"nl-NL\",\"@id\":\"https:\\\/\\\/azelec.be\\\/nl\\\/#\\\/schema\\\/logo\\\/image\\\/\",\"url\":\"https:\\\/\\\/azelec.be\\\/wp-content\\\/uploads\\\/2024\\\/07\\\/logo.svg\",\"contentUrl\":\"https:\\\/\\\/azelec.be\\\/wp-content\\\/uploads\\\/2024\\\/07\\\/logo.svg\",\"width\":493,\"height\":86,\"caption\":\"Az\u00e9lec\"},\"image\":{\"@id\":\"https:\\\/\\\/azelec.be\\\/nl\\\/#\\\/schema\\\/logo\\\/image\\\/\"},\"sameAs\":[\"https:\\\/\\\/facebook.com\\\/pages\\\/Azlec\\\/464300780395849\",\"https:\\\/\\\/www.instagram.com\\\/azelec.be\\\/\",\"https:\\\/\\\/www.linkedin.com\\\/company\\\/3338450\",\"https:\\\/\\\/www.youtube.com\\\/channel\\\/UCElmKgi5qzaPSqJ_u3IfvHw\"]},{\"@type\":\"Person\",\"@id\":\"https:\\\/\\\/azelec.be\\\/nl\\\/#\\\/schema\\\/person\\\/2fda01ea728448fe716bd020155a1535\",\"name\":\"Tanguy Fr\u00e9d\u00e9ric\"}]}<\/script>\n<!-- \/ Yoast SEO plugin. -->","yoast_head_json":{"title":"Az\u00e9lec verkrijgt het Qualitypro-label in de bouwsector","description":"Az\u00e9lec is QualityPRO gecertificeerd en garandeert de kwaliteit van haar dienstverlening in bouw en renovatie.","robots":{"index":"index","follow":"follow","max-snippet":"max-snippet:-1","max-image-preview":"max-image-preview:large","max-video-preview":"max-video-preview:-1"},"canonical":"https:\/\/azelec.be\/nl\/azelec-is-nu-een-van-de-bedrijven-die-het-quality-pro-label-hebben\/","og_locale":"nl_NL","og_type":"article","og_title":"Az\u00e9lec verkrijgt het Qualitypro-label in de bouwsector","og_description":"Az\u00e9lec is QualityPRO gecertificeerd en garandeert de kwaliteit van haar dienstverlening in bouw en renovatie.","og_url":"https:\/\/azelec.be\/nl\/azelec-is-nu-een-van-de-bedrijven-die-het-quality-pro-label-hebben\/","og_site_name":"Az\u00e9lec","article_publisher":"https:\/\/facebook.com\/pages\/Azlec\/464300780395849","article_published_time":"2015-07-24T07:16:00+00:00","article_modified_time":"2025-01-07T12:13:11+00:00","og_image":[{"width":2560,"height":1709,"url":"https:\/\/azelec.be\/wp-content\/uploads\/2024\/09\/shutterstock_149893565-scaled.jpg","type":"image\/jpeg"}],"author":"Tanguy Fr\u00e9d\u00e9ric","twitter_card":"summary_large_image","twitter_misc":{"Written by":"Tanguy Fr\u00e9d\u00e9ric","Est. reading time":"1 minute"},"schema":{"@context":"https:\/\/schema.org","@graph":[{"@type":"Article","@id":"https:\/\/azelec.be\/nl\/azelec-is-nu-een-van-de-bedrijven-die-het-quality-pro-label-hebben\/#article","isPartOf":{"@id":"https:\/\/azelec.be\/nl\/azelec-is-nu-een-van-de-bedrijven-die-het-quality-pro-label-hebben\/"},"author":{"name":"Tanguy Fr\u00e9d\u00e9ric","@id":"https:\/\/azelec.be\/nl\/#\/schema\/person\/2fda01ea728448fe716bd020155a1535"},"headline":"Az\u00e9lec is trots om te melden dat wij nu het QualityPRO-label hebben ontvangen!","datePublished":"2015-07-24T07:16:00+00:00","dateModified":"2025-01-07T12:13:11+00:00","mainEntityOfPage":{"@id":"https:\/\/azelec.be\/nl\/azelec-is-nu-een-van-de-bedrijven-die-het-quality-pro-label-hebben\/"},"wordCount":79,"publisher":{"@id":"https:\/\/azelec.be\/nl\/#organization"},"image":{"@id":"https:\/\/azelec.be\/nl\/azelec-is-nu-een-van-de-bedrijven-die-het-quality-pro-label-hebben\/#primaryimage"},"thumbnailUrl":"https:\/\/azelec.be\/wp-content\/uploads\/2024\/09\/shutterstock_149893565-scaled.jpg","articleSection":["Nieuws"],"inLanguage":"nl-NL"},{"@type":"WebPage","@id":"https:\/\/azelec.be\/nl\/azelec-is-nu-een-van-de-bedrijven-die-het-quality-pro-label-hebben\/","url":"https:\/\/azelec.be\/nl\/azelec-is-nu-een-van-de-bedrijven-die-het-quality-pro-label-hebben\/","name":"Az\u00e9lec verkrijgt het Qualitypro-label in de bouwsector","isPartOf":{"@id":"https:\/\/azelec.be\/nl\/#website"},"primaryImageOfPage":{"@id":"https:\/\/azelec.be\/nl\/azelec-is-nu-een-van-de-bedrijven-die-het-quality-pro-label-hebben\/#primaryimage"},"image":{"@id":"https:\/\/azelec.be\/nl\/azelec-is-nu-een-van-de-bedrijven-die-het-quality-pro-label-hebben\/#primaryimage"},"thumbnailUrl":"https:\/\/azelec.be\/wp-content\/uploads\/2024\/09\/shutterstock_149893565-scaled.jpg","datePublished":"2015-07-24T07:16:00+00:00","dateModified":"2025-01-07T12:13:11+00:00","description":"Az\u00e9lec is QualityPRO gecertificeerd en garandeert de kwaliteit van haar dienstverlening in bouw en renovatie.","breadcrumb":{"@id":"https:\/\/azelec.be\/nl\/azelec-is-nu-een-van-de-bedrijven-die-het-quality-pro-label-hebben\/#breadcrumb"},"inLanguage":"nl-NL","potentialAction":[{"@type":"ReadAction","target":["https:\/\/azelec.be\/nl\/azelec-is-nu-een-van-de-bedrijven-die-het-quality-pro-label-hebben\/"]}]},{"@type":"ImageObject","inLanguage":"nl-NL","@id":"https:\/\/azelec.be\/nl\/azelec-is-nu-een-van-de-bedrijven-die-het-quality-pro-label-hebben\/#primaryimage","url":"https:\/\/azelec.be\/wp-content\/uploads\/2024\/09\/shutterstock_149893565-scaled.jpg","contentUrl":"https:\/\/azelec.be\/wp-content\/uploads\/2024\/09\/shutterstock_149893565-scaled.jpg","width":2560,"height":1709},{"@type":"BreadcrumbList","@id":"https:\/\/azelec.be\/nl\/azelec-is-nu-een-van-de-bedrijven-die-het-quality-pro-label-hebben\/#breadcrumb","itemListElement":[{"@type":"ListItem","position":1,"name":"Home","item":"https:\/\/azelec.be\/nl\/"},{"@type":"ListItem","position":2,"name":"Az\u00e9lec is trots om te melden dat wij nu het QualityPRO-label hebben ontvangen!"}]},{"@type":"WebSite","@id":"https:\/\/azelec.be\/nl\/#website","url":"https:\/\/azelec.be\/nl\/","name":"Az\u00e9lec","description":"Entreprise g\u00e9n\u00e9rale d&#039;\u00e9lectricit\u00e9 dans le secteur de la construction pour les particuliers et professionnels.","publisher":{"@id":"https:\/\/azelec.be\/nl\/#organization"},"potentialAction":[{"@type":"SearchAction","target":{"@type":"EntryPoint","urlTemplate":"https:\/\/azelec.be\/nl\/?s={search_term_string}"},"query-input":{"@type":"PropertyValueSpecification","valueRequired":true,"valueName":"search_term_string"}}],"inLanguage":"nl-NL"},{"@type":"Organization","@id":"https:\/\/azelec.be\/nl\/#organization","name":"Az\u00e9lec","url":"https:\/\/azelec.be\/nl\/","logo":{"@type":"ImageObject","inLanguage":"nl-NL","@id":"https:\/\/azelec.be\/nl\/#\/schema\/logo\/image\/","url":"https:\/\/azelec.be\/wp-content\/uploads\/2024\/07\/logo.svg","contentUrl":"https:\/\/azelec.be\/wp-content\/uploads\/2024\/07\/logo.svg","width":493,"height":86,"caption":"Az\u00e9lec"},"image":{"@id":"https:\/\/azelec.be\/nl\/#\/schema\/logo\/image\/"},"sameAs":["https:\/\/facebook.com\/pages\/Azlec\/464300780395849","https:\/\/www.instagram.com\/azelec.be\/","https:\/\/www.linkedin.com\/company\/3338450","https:\/\/www.youtube.com\/channel\/UCElmKgi5qzaPSqJ_u3IfvHw"]},{"@type":"Person","@id":"https:\/\/azelec.be\/nl\/#\/schema\/person\/2fda01ea728448fe716bd020155a1535","name":"Tanguy Fr\u00e9d\u00e9ric"}]}},"_links":{"self":[{"href":"https:\/\/azelec.be\/nl\/wp-json\/wp\/v2\/posts\/3521","targetHints":{"allow":["GET"]}}],"collection":[{"href":"https:\/\/azelec.be\/nl\/wp-json\/wp\/v2\/posts"}],"about":[{"href":"https:\/\/azelec.be\/nl\/wp-json\/wp\/v2\/types\/post"}],"author":[{"embeddable":true,"href":"https:\/\/azelec.be\/nl\/wp-json\/wp\/v2\/users\/2"}],"replies":[{"embeddable":true,"href":"https:\/\/azelec.be\/nl\/wp-json\/wp\/v2\/comments?post=3521"}],"version-history":[{"count":0,"href":"https:\/\/azelec.be\/nl\/wp-json\/wp\/v2\/posts\/3521\/revisions"}],"wp:featuredmedia":[{"embeddable":true,"href":"https:\/\/azelec.be\/nl\/wp-json\/wp\/v2\/media\/3079"}],"wp:attachment":[{"href":"https:\/\/azelec.be\/nl\/wp-json\/wp\/v2\/media?parent=3521"}],"wp:term":[{"taxonomy":"category","embeddable":true,"href":"https:\/\/azelec.be\/nl\/wp-json\/wp\/v2\/categories?post=3521"},{"taxonomy":"post_tag","embeddable":true,"href":"https:\/\/azelec.be\/nl\/wp-json\/wp\/v2\/tags?post=3521"}],"curies":[{"name":"wp","href":"https:\/\/api.w.org\/{rel}","templated":true}]}}